{"id":79390,"date":"2022-04-28T13:38:12","date_gmt":"2022-04-28T11:38:12","guid":{"rendered":"https:\/\/radio.umh.es\/?p=79390"},"modified":"2022-05-02T10:08:00","modified_gmt":"2022-05-02T08:08:00","slug":"un-proyecto-de-cooperacion-de-la-umh-avanza-en-el-estudio-del-impacto-economico-del-parque-empresarial-de-holguin-cuba-sobre-la-economia-regional-en-boletin-informativo-el-28-de-abril-de-2022","status":"publish","type":"post","link":"https:\/\/radio.umh.es\/ca\/2022\/04\/28\/un-proyecto-de-cooperacion-de-la-umh-avanza-en-el-estudio-del-impacto-economico-del-parque-empresarial-de-holguin-cuba-sobre-la-economia-regional-en-boletin-informativo-el-28-de-abril-de-2022\/","title":{"rendered":"<span lang=\"es\">(Espa\u00f1ol) Estudiantes del grado en Bellas Artes de la UMH exponen \u2018PROJECTS IN ART\u2019 en X\u00e0bia, en &#8220;Bolet\u00edn Informativo&#8221;, el 28 de abril de 2022<\/span>"},"content":{"rendered":"<p class=\"qtranxs-available-languages-message qtranxs-available-languages-message-ca\">Ho sent, per\u00f2 aquesta entrada nom\u00e9s est\u00e0 disponible en <a href=\"https:\/\/radio.umh.es\/es\/wp-json\/wp\/v2\/posts\/79390\" class=\"qtranxs-available-language-link qtranxs-available-language-link-es\" title=\"Espa\u00f1ol\">Espanyol Europeu<\/a>.<\/p>","protected":false},"excerpt":{"rendered":"<p>Ho sent, per\u00f2 aquesta entrada nom\u00e9s est\u00e0 disponible en Espanyol Europeu.<\/p>\n","protected":false},"author":18219,"featured_media":0,"comment_status":"closed","ping_status":"open","sticky":false,"template":"","format":"standard","meta":{"ngg_post_thumbnail":0,"_links_to":"","_links_to_target":""},"categories":[725269],"tags":[],"publishpress_future_action":{"enabled":false,"date":"1970-01-01 01:00:00","action":"","terms":[],"taxonomy":"","browser_timezone_offset":0},"_links":{"self":[{"href":"https:\/\/radio.umh.es\/ca\/wp-json\/wp\/v2\/posts\/79390"}],"collection":[{"href":"https:\/\/radio.umh.es\/ca\/wp-json\/wp\/v2\/posts"}],"about":[{"href":"https:\/\/radio.umh.es\/ca\/wp-json\/wp\/v2\/types\/post"}],"author":[{"embeddable":true,"href":"https:\/\/radio.umh.es\/ca\/wp-json\/wp\/v2\/users\/18219"}],"replies":[{"embeddable":true,"href":"https:\/\/radio.umh.es\/ca\/wp-json\/wp\/v2\/comments?post=79390"}],"version-history":[{"count":0,"href":"https:\/\/radio.umh.es\/ca\/wp-json\/wp\/v2\/posts\/79390\/revisions"}],"wp:attachment":[{"href":"https:\/\/radio.umh.es\/ca\/wp-json\/wp\/v2\/media?parent=79390"}],"wp:term":[{"taxonomy":"category","embeddable":true,"href":"https:\/\/radio.umh.es\/ca\/wp-json\/wp\/v2\/categories?post=79390"},{"taxonomy":"post_tag","embeddable":true,"href":"https:\/\/radio.umh.es\/ca\/wp-json\/wp\/v2\/tags?post=79390"}],"curies":[{"name":"wp","href":"https:\/\/api.w.org\/{rel}","templated":true}]}}