{"id":81032,"date":"2022-06-22T13:19:11","date_gmt":"2022-06-22T11:19:11","guid":{"rendered":"https:\/\/radio.umh.es\/?p=81032"},"modified":"2023-01-11T10:08:35","modified_gmt":"2023-01-11T09:08:35","slug":"el-director-del-area-de-cooperacion-al-desarrollo-y-voluntariado-de-la-umh-y-codirector-de-la-catedra-sede-umh-en-ruanda-juan-jose-ballesta-paya-viaja-a-ruanda-para-para-establecer-un-convenio-de-co","status":"publish","type":"post","link":"https:\/\/radio.umh.es\/ca\/2022\/06\/22\/el-director-del-area-de-cooperacion-al-desarrollo-y-voluntariado-de-la-umh-y-codirector-de-la-catedra-sede-umh-en-ruanda-juan-jose-ballesta-paya-viaja-a-ruanda-para-para-establecer-un-convenio-de-co\/","title":{"rendered":"<span lang=\"es\">(Espa\u00f1ol) El director del \u00e1rea de Cooperaci\u00f3n al Desarrollo y Voluntariado de la UMH y codirector de la C\u00e1tedra Sede UMH en Ruanda, Juan Jos\u00e9 Ballesta Paya, viaja a Ruanda para para establecer un convenio de colaboraci\u00f3n, en &#8220;Informativos UMH&#8221;, en 22 de junio de 2022<\/span>"},"content":{"rendered":"<p class=\"qtranxs-available-languages-message qtranxs-available-languages-message-ca\">Ho sent, per\u00f2 aquesta entrada nom\u00e9s est\u00e0 disponible en <a href=\"https:\/\/radio.umh.es\/es\/wp-json\/wp\/v2\/posts\/81032\" class=\"qtranxs-available-language-link qtranxs-available-language-link-es\" title=\"Espa\u00f1ol\">Espanyol Europeu<\/a>.<\/p>","protected":false},"excerpt":{"rendered":"<p>Ho sent, per\u00f2 aquesta entrada nom\u00e9s est\u00e0 disponible en Espanyol Europeu.<\/p>\n","protected":false},"author":17746,"featured_media":0,"comment_status":"closed","ping_status":"open","sticky":false,"template":"","format":"standard","meta":{"ngg_post_thumbnail":0,"_links_to":"","_links_to_target":""},"categories":[3878],"tags":[],"publishpress_future_action":{"enabled":false,"date":"1970-01-01 01:00:00","action":"","terms":[],"taxonomy":"","browser_timezone_offset":0},"_links":{"self":[{"href":"https:\/\/radio.umh.es\/ca\/wp-json\/wp\/v2\/posts\/81032"}],"collection":[{"href":"https:\/\/radio.umh.es\/ca\/wp-json\/wp\/v2\/posts"}],"about":[{"href":"https:\/\/radio.umh.es\/ca\/wp-json\/wp\/v2\/types\/post"}],"author":[{"embeddable":true,"href":"https:\/\/radio.umh.es\/ca\/wp-json\/wp\/v2\/users\/17746"}],"replies":[{"embeddable":true,"href":"https:\/\/radio.umh.es\/ca\/wp-json\/wp\/v2\/comments?post=81032"}],"version-history":[{"count":0,"href":"https:\/\/radio.umh.es\/ca\/wp-json\/wp\/v2\/posts\/81032\/revisions"}],"wp:attachment":[{"href":"https:\/\/radio.umh.es\/ca\/wp-json\/wp\/v2\/media?parent=81032"}],"wp:term":[{"taxonomy":"category","embeddable":true,"href":"https:\/\/radio.umh.es\/ca\/wp-json\/wp\/v2\/categories?post=81032"},{"taxonomy":"post_tag","embeddable":true,"href":"https:\/\/radio.umh.es\/ca\/wp-json\/wp\/v2\/tags?post=81032"}],"curies":[{"name":"wp","href":"https:\/\/api.w.org\/{rel}","templated":true}]}}