{"id":82721,"date":"2022-10-13T11:15:55","date_gmt":"2022-10-13T09:15:55","guid":{"rendered":"https:\/\/radio.umh.es\/?p=82721"},"modified":"2022-10-13T11:34:41","modified_gmt":"2022-10-13T09:34:41","slug":"la-umh-pone-en-marcha-un-curso-de-preparacion-dirigido-a-las-personas-que-deseen-presentarse-a-las-prueba-de-acceso-a-la-universidad-para-mayores-de-25-y-45-anos-en-boletin-informativo-umh-13-de","status":"publish","type":"post","link":"https:\/\/radio.umh.es\/ca\/2022\/10\/13\/la-umh-pone-en-marcha-un-curso-de-preparacion-dirigido-a-las-personas-que-deseen-presentarse-a-las-prueba-de-acceso-a-la-universidad-para-mayores-de-25-y-45-anos-en-boletin-informativo-umh-13-de\/","title":{"rendered":"<span lang=\"es\">(Espa\u00f1ol) La UMH pone en marcha un curso de preparaci\u00f3n dirigido a las personas que deseen presentarse a las Prueba de Acceso a la Universidad para mayores de 25 y 45 a\u00f1os, en &#8220;Boletin Informativo UMH&#8221;, 13 de octubre<\/span>"},"content":{"rendered":"<p class=\"qtranxs-available-languages-message qtranxs-available-languages-message-ca\">Ho sent, per\u00f2 aquesta entrada nom\u00e9s est\u00e0 disponible en <a href=\"https:\/\/radio.umh.es\/es\/wp-json\/wp\/v2\/posts\/82721\" class=\"qtranxs-available-language-link qtranxs-available-language-link-es\" title=\"Espa\u00f1ol\">Espanyol Europeu<\/a>.<\/p>","protected":false},"excerpt":{"rendered":"<p>Ho sent, per\u00f2 aquesta entrada nom\u00e9s est\u00e0 disponible en Espanyol Europeu.<\/p>\n","protected":false},"author":11537,"featured_media":0,"comment_status":"closed","ping_status":"open","sticky":false,"template":"","format":"standard","meta":{"ngg_post_thumbnail":0,"_links_to":"","_links_to_target":""},"categories":[725269],"tags":[],"publishpress_future_action":{"enabled":false,"date":"1970-01-01 01:00:00","action":"","terms":[],"taxonomy":"","browser_timezone_offset":0},"_links":{"self":[{"href":"https:\/\/radio.umh.es\/ca\/wp-json\/wp\/v2\/posts\/82721"}],"collection":[{"href":"https:\/\/radio.umh.es\/ca\/wp-json\/wp\/v2\/posts"}],"about":[{"href":"https:\/\/radio.umh.es\/ca\/wp-json\/wp\/v2\/types\/post"}],"author":[{"embeddable":true,"href":"https:\/\/radio.umh.es\/ca\/wp-json\/wp\/v2\/users\/11537"}],"replies":[{"embeddable":true,"href":"https:\/\/radio.umh.es\/ca\/wp-json\/wp\/v2\/comments?post=82721"}],"version-history":[{"count":0,"href":"https:\/\/radio.umh.es\/ca\/wp-json\/wp\/v2\/posts\/82721\/revisions"}],"wp:attachment":[{"href":"https:\/\/radio.umh.es\/ca\/wp-json\/wp\/v2\/media?parent=82721"}],"wp:term":[{"taxonomy":"category","embeddable":true,"href":"https:\/\/radio.umh.es\/ca\/wp-json\/wp\/v2\/categories?post=82721"},{"taxonomy":"post_tag","embeddable":true,"href":"https:\/\/radio.umh.es\/ca\/wp-json\/wp\/v2\/tags?post=82721"}],"curies":[{"name":"wp","href":"https:\/\/api.w.org\/{rel}","templated":true}]}}