{"id":82909,"date":"2022-10-18T12:05:07","date_gmt":"2022-10-18T10:05:07","guid":{"rendered":"https:\/\/radio.umh.es\/?p=82909"},"modified":"2022-10-20T09:54:28","modified_gmt":"2022-10-20T07:54:28","slug":"inicio-de-la-nueva-temporada-charla-con-la-periodista-noemi-gallego-masterclass-del-musico-deivhook-y-mucho-mas-en-vida-umh-el-18-de-octubre-de-2022","status":"publish","type":"post","link":"https:\/\/radio.umh.es\/ca\/2022\/10\/18\/inicio-de-la-nueva-temporada-charla-con-la-periodista-noemi-gallego-masterclass-del-musico-deivhook-y-mucho-mas-en-vida-umh-el-18-de-octubre-de-2022\/","title":{"rendered":"<span lang=\"es\">(Espa\u00f1ol) Inicio de la nueva temporada, charla con la periodista Noem\u00ed L\u00f3pez, masterclass del m\u00fasico Deivhook y mucho m\u00e1s en \u00abVida UMH\u00bb, el 18 de octubre de 2022<\/span>"},"content":{"rendered":"<p class=\"qtranxs-available-languages-message qtranxs-available-languages-message-ca\">Ho sent, per\u00f2 aquesta entrada nom\u00e9s est\u00e0 disponible en <a href=\"https:\/\/radio.umh.es\/es\/wp-json\/wp\/v2\/posts\/82909\" class=\"qtranxs-available-language-link qtranxs-available-language-link-es\" title=\"Espa\u00f1ol\">Espanyol Europeu<\/a>.<\/p>","protected":false},"excerpt":{"rendered":"<p>Ho sent, per\u00f2 aquesta entrada nom\u00e9s est\u00e0 disponible en Espanyol Europeu.<\/p>\n","protected":false},"author":23266,"featured_media":0,"comment_status":"closed","ping_status":"open","sticky":false,"template":"","format":"standard","meta":{"ngg_post_thumbnail":0,"_links_to":"","_links_to_target":""},"categories":[725301],"tags":[],"publishpress_future_action":{"enabled":false,"date":"1970-01-01 01:00:00","action":"","terms":[],"taxonomy":"","browser_timezone_offset":0},"_links":{"self":[{"href":"https:\/\/radio.umh.es\/ca\/wp-json\/wp\/v2\/posts\/82909"}],"collection":[{"href":"https:\/\/radio.umh.es\/ca\/wp-json\/wp\/v2\/posts"}],"about":[{"href":"https:\/\/radio.umh.es\/ca\/wp-json\/wp\/v2\/types\/post"}],"author":[{"embeddable":true,"href":"https:\/\/radio.umh.es\/ca\/wp-json\/wp\/v2\/users\/23266"}],"replies":[{"embeddable":true,"href":"https:\/\/radio.umh.es\/ca\/wp-json\/wp\/v2\/comments?post=82909"}],"version-history":[{"count":0,"href":"https:\/\/radio.umh.es\/ca\/wp-json\/wp\/v2\/posts\/82909\/revisions"}],"wp:attachment":[{"href":"https:\/\/radio.umh.es\/ca\/wp-json\/wp\/v2\/media?parent=82909"}],"wp:term":[{"taxonomy":"category","embeddable":true,"href":"https:\/\/radio.umh.es\/ca\/wp-json\/wp\/v2\/categories?post=82909"},{"taxonomy":"post_tag","embeddable":true,"href":"https:\/\/radio.umh.es\/ca\/wp-json\/wp\/v2\/tags?post=82909"}],"curies":[{"name":"wp","href":"https:\/\/api.w.org\/{rel}","templated":true}]}}