{"id":83986,"date":"2022-11-25T17:05:24","date_gmt":"2022-11-25T16:05:24","guid":{"rendered":"https:\/\/radio.umh.es\/?p=83986"},"modified":"2022-11-25T12:45:26","modified_gmt":"2022-11-25T11:45:26","slug":"salud-mental-desde-la-perspectiva-de-genero-reflexiones-a-la-luz-de-la-labor-de-msf-espana-en-yemen-en-iguales-pero-diferentes-25-de-noviembre-de-2022","status":"publish","type":"post","link":"https:\/\/radio.umh.es\/ca\/2022\/11\/25\/salud-mental-desde-la-perspectiva-de-genero-reflexiones-a-la-luz-de-la-labor-de-msf-espana-en-yemen-en-iguales-pero-diferentes-25-de-noviembre-de-2022\/","title":{"rendered":"<span lang=\"es\">(Espa\u00f1ol) Salud mental desde la perspectiva de g\u00e9nero, reflexiones a la luz de la labor de MSF-Espa\u00f1a en Yemen, en &#8220;Iguales Pero Diferentes&#8221;, 25 de noviembre de 2022<\/span>"},"content":{"rendered":"<p class=\"qtranxs-available-languages-message qtranxs-available-languages-message-ca\">Ho sent, per\u00f2 aquesta entrada nom\u00e9s est\u00e0 disponible en <a href=\"https:\/\/radio.umh.es\/es\/wp-json\/wp\/v2\/posts\/83986\" class=\"qtranxs-available-language-link qtranxs-available-language-link-es\" title=\"Espa\u00f1ol\">Espanyol Europeu<\/a>.<\/p>","protected":false},"excerpt":{"rendered":"<p>Ho sent, per\u00f2 aquesta entrada nom\u00e9s est\u00e0 disponible en Espanyol Europeu.<\/p>\n","protected":false},"author":11537,"featured_media":0,"comment_status":"closed","ping_status":"open","sticky":false,"template":"","format":"standard","meta":{"ngg_post_thumbnail":0,"_links_to":"","_links_to_target":""},"categories":[3806],"tags":[],"publishpress_future_action":{"enabled":false,"date":"1970-01-01 01:00:00","action":"","terms":[],"taxonomy":"","browser_timezone_offset":0},"_links":{"self":[{"href":"https:\/\/radio.umh.es\/ca\/wp-json\/wp\/v2\/posts\/83986"}],"collection":[{"href":"https:\/\/radio.umh.es\/ca\/wp-json\/wp\/v2\/posts"}],"about":[{"href":"https:\/\/radio.umh.es\/ca\/wp-json\/wp\/v2\/types\/post"}],"author":[{"embeddable":true,"href":"https:\/\/radio.umh.es\/ca\/wp-json\/wp\/v2\/users\/11537"}],"replies":[{"embeddable":true,"href":"https:\/\/radio.umh.es\/ca\/wp-json\/wp\/v2\/comments?post=83986"}],"version-history":[{"count":0,"href":"https:\/\/radio.umh.es\/ca\/wp-json\/wp\/v2\/posts\/83986\/revisions"}],"wp:attachment":[{"href":"https:\/\/radio.umh.es\/ca\/wp-json\/wp\/v2\/media?parent=83986"}],"wp:term":[{"taxonomy":"category","embeddable":true,"href":"https:\/\/radio.umh.es\/ca\/wp-json\/wp\/v2\/categories?post=83986"},{"taxonomy":"post_tag","embeddable":true,"href":"https:\/\/radio.umh.es\/ca\/wp-json\/wp\/v2\/tags?post=83986"}],"curies":[{"name":"wp","href":"https:\/\/api.w.org\/{rel}","templated":true}]}}