{"id":87068,"date":"2023-03-15T12:35:50","date_gmt":"2023-03-15T11:35:50","guid":{"rendered":"https:\/\/radio.umh.es\/?p=87068"},"modified":"2023-03-14T14:23:47","modified_gmt":"2023-03-14T13:23:47","slug":"los-otros-beneficios-de-la-lactancia-materna-macro-y-micro-economia-de-la-lactancia-materna-en-lactancia-y-universidad-15-de-marzo-de-2023","status":"publish","type":"post","link":"https:\/\/radio.umh.es\/ca\/2023\/03\/15\/los-otros-beneficios-de-la-lactancia-materna-macro-y-micro-economia-de-la-lactancia-materna-en-lactancia-y-universidad-15-de-marzo-de-2023\/","title":{"rendered":"<span lang=\"es\">(Espa\u00f1ol) Los otros beneficios de la lactancia materna, macro y micro econom\u00eda de la lactancia materna, en &#8220;Lactancia y universidad&#8221;, 15 de marzo de 2023<\/span>"},"content":{"rendered":"<p class=\"qtranxs-available-languages-message qtranxs-available-languages-message-ca\">Ho sent, per\u00f2 aquesta entrada nom\u00e9s est\u00e0 disponible en <a href=\"https:\/\/radio.umh.es\/es\/wp-json\/wp\/v2\/posts\/87068\" class=\"qtranxs-available-language-link qtranxs-available-language-link-es\" title=\"Espa\u00f1ol\">Espanyol Europeu<\/a>.<\/p>","protected":false},"excerpt":{"rendered":"<p>Ho sent, per\u00f2 aquesta entrada nom\u00e9s est\u00e0 disponible en Espanyol Europeu.<\/p>\n","protected":false},"author":2931,"featured_media":0,"comment_status":"closed","ping_status":"open","sticky":false,"template":"","format":"standard","meta":{"ngg_post_thumbnail":0,"_links_to":"","_links_to_target":""},"categories":[42740],"tags":[72,1345846,42740,44327],"publishpress_future_action":{"enabled":false,"date":"1970-01-01 01:00:00","action":"","terms":[],"taxonomy":"","browser_timezone_offset":0},"_links":{"self":[{"href":"https:\/\/radio.umh.es\/ca\/wp-json\/wp\/v2\/posts\/87068"}],"collection":[{"href":"https:\/\/radio.umh.es\/ca\/wp-json\/wp\/v2\/posts"}],"about":[{"href":"https:\/\/radio.umh.es\/ca\/wp-json\/wp\/v2\/types\/post"}],"author":[{"embeddable":true,"href":"https:\/\/radio.umh.es\/ca\/wp-json\/wp\/v2\/users\/2931"}],"replies":[{"embeddable":true,"href":"https:\/\/radio.umh.es\/ca\/wp-json\/wp\/v2\/comments?post=87068"}],"version-history":[{"count":0,"href":"https:\/\/radio.umh.es\/ca\/wp-json\/wp\/v2\/posts\/87068\/revisions"}],"wp:attachment":[{"href":"https:\/\/radio.umh.es\/ca\/wp-json\/wp\/v2\/media?parent=87068"}],"wp:term":[{"taxonomy":"category","embeddable":true,"href":"https:\/\/radio.umh.es\/ca\/wp-json\/wp\/v2\/categories?post=87068"},{"taxonomy":"post_tag","embeddable":true,"href":"https:\/\/radio.umh.es\/ca\/wp-json\/wp\/v2\/tags?post=87068"}],"curies":[{"name":"wp","href":"https:\/\/api.w.org\/{rel}","templated":true}]}}