{"id":87565,"date":"2023-03-28T10:05:40","date_gmt":"2023-03-28T08:05:40","guid":{"rendered":"https:\/\/radio.umh.es\/?p=87565"},"modified":"2023-05-19T10:59:39","modified_gmt":"2023-05-19T08:59:39","slug":"el-alumnado-del-taller-de-radio-de-las-aunex-conmemora-el-aniversario-de-la-muerte-de-miguel-hernandez-con-un-programa-especial-en-onda-universitaria-28-de-marzo-de-2023","status":"publish","type":"post","link":"https:\/\/radio.umh.es\/ca\/2023\/03\/28\/el-alumnado-del-taller-de-radio-de-las-aunex-conmemora-el-aniversario-de-la-muerte-de-miguel-hernandez-con-un-programa-especial-en-onda-universitaria-28-de-marzo-de-2023\/","title":{"rendered":"<span lang=\"es\">(Espa\u00f1ol) El alumnado del Taller de Radio de las AUNEX conmemora el aniversario de la muerte de Miguel Hern\u00e1ndez con un programa especial, en &#8220;Onda Universitaria&#8221;, 28 de marzo de 2023<\/span>"},"content":{"rendered":"<p class=\"qtranxs-available-languages-message qtranxs-available-languages-message-ca\">Ho sent, per\u00f2 aquesta entrada nom\u00e9s est\u00e0 disponible en <a href=\"https:\/\/radio.umh.es\/es\/wp-json\/wp\/v2\/posts\/87565\" class=\"qtranxs-available-language-link qtranxs-available-language-link-es\" title=\"Espa\u00f1ol\">Espanyol Europeu<\/a>.<\/p>","protected":false},"excerpt":{"rendered":"<p>Ho sent, per\u00f2 aquesta entrada nom\u00e9s est\u00e0 disponible en Espanyol Europeu.<\/p>\n","protected":false},"author":5193,"featured_media":0,"comment_status":"closed","ping_status":"open","sticky":false,"template":"","format":"standard","meta":{"ngg_post_thumbnail":0,"_links_to":"","_links_to_target":""},"categories":[72698,1345942],"tags":[],"publishpress_future_action":{"enabled":false,"date":"1970-01-01 01:00:00","action":"","terms":[],"taxonomy":"","browser_timezone_offset":0},"_links":{"self":[{"href":"https:\/\/radio.umh.es\/ca\/wp-json\/wp\/v2\/posts\/87565"}],"collection":[{"href":"https:\/\/radio.umh.es\/ca\/wp-json\/wp\/v2\/posts"}],"about":[{"href":"https:\/\/radio.umh.es\/ca\/wp-json\/wp\/v2\/types\/post"}],"author":[{"embeddable":true,"href":"https:\/\/radio.umh.es\/ca\/wp-json\/wp\/v2\/users\/5193"}],"replies":[{"embeddable":true,"href":"https:\/\/radio.umh.es\/ca\/wp-json\/wp\/v2\/comments?post=87565"}],"version-history":[{"count":0,"href":"https:\/\/radio.umh.es\/ca\/wp-json\/wp\/v2\/posts\/87565\/revisions"}],"wp:attachment":[{"href":"https:\/\/radio.umh.es\/ca\/wp-json\/wp\/v2\/media?parent=87565"}],"wp:term":[{"taxonomy":"category","embeddable":true,"href":"https:\/\/radio.umh.es\/ca\/wp-json\/wp\/v2\/categories?post=87565"},{"taxonomy":"post_tag","embeddable":true,"href":"https:\/\/radio.umh.es\/ca\/wp-json\/wp\/v2\/tags?post=87565"}],"curies":[{"name":"wp","href":"https:\/\/api.w.org\/{rel}","templated":true}]}}