{"id":88130,"date":"2023-04-25T11:10:57","date_gmt":"2023-04-25T09:10:57","guid":{"rendered":"https:\/\/radio.umh.es\/?p=88130"},"modified":"2023-04-25T11:29:20","modified_gmt":"2023-04-25T09:29:20","slug":"el-vicerrector-de-infraestructuras-de-la-umh-pedro-gines-visita-la-obras-de-adecuacion-de-la-residencia-de-estudiantes-en-boletin-informativo-25-de-abril-de-2023","status":"publish","type":"post","link":"https:\/\/radio.umh.es\/ca\/2023\/04\/25\/el-vicerrector-de-infraestructuras-de-la-umh-pedro-gines-visita-la-obras-de-adecuacion-de-la-residencia-de-estudiantes-en-boletin-informativo-25-de-abril-de-2023\/","title":{"rendered":"<span lang=\"es\">(Espa\u00f1ol) El vicerrector de Infraestructuras de la UMH, Pedro Gin\u00e9s, visita la obras de adecuaci\u00f3n de la Residencia de Estudiantes en \u00abBolet\u00edn informativo\u00bb, 25 de abril de 2023<\/span>"},"content":{"rendered":"<p class=\"qtranxs-available-languages-message qtranxs-available-languages-message-ca\">Ho sent, per\u00f2 aquesta entrada nom\u00e9s est\u00e0 disponible en <a href=\"https:\/\/radio.umh.es\/es\/wp-json\/wp\/v2\/posts\/88130\" class=\"qtranxs-available-language-link qtranxs-available-language-link-es\" title=\"Espa\u00f1ol\">Espanyol Europeu<\/a>.<\/p>","protected":false},"excerpt":{"rendered":"<p>Ho sent, per\u00f2 aquesta entrada nom\u00e9s est\u00e0 disponible en Espanyol Europeu.<\/p>\n","protected":false},"author":23266,"featured_media":0,"comment_status":"closed","ping_status":"open","sticky":false,"template":"","format":"standard","meta":{"ngg_post_thumbnail":0,"_links_to":"","_links_to_target":""},"categories":[725269],"tags":[],"publishpress_future_action":{"enabled":false,"date":"1970-01-01 01:00:00","action":"","terms":[],"taxonomy":"","browser_timezone_offset":0},"_links":{"self":[{"href":"https:\/\/radio.umh.es\/ca\/wp-json\/wp\/v2\/posts\/88130"}],"collection":[{"href":"https:\/\/radio.umh.es\/ca\/wp-json\/wp\/v2\/posts"}],"about":[{"href":"https:\/\/radio.umh.es\/ca\/wp-json\/wp\/v2\/types\/post"}],"author":[{"embeddable":true,"href":"https:\/\/radio.umh.es\/ca\/wp-json\/wp\/v2\/users\/23266"}],"replies":[{"embeddable":true,"href":"https:\/\/radio.umh.es\/ca\/wp-json\/wp\/v2\/comments?post=88130"}],"version-history":[{"count":0,"href":"https:\/\/radio.umh.es\/ca\/wp-json\/wp\/v2\/posts\/88130\/revisions"}],"wp:attachment":[{"href":"https:\/\/radio.umh.es\/ca\/wp-json\/wp\/v2\/media?parent=88130"}],"wp:term":[{"taxonomy":"category","embeddable":true,"href":"https:\/\/radio.umh.es\/ca\/wp-json\/wp\/v2\/categories?post=88130"},{"taxonomy":"post_tag","embeddable":true,"href":"https:\/\/radio.umh.es\/ca\/wp-json\/wp\/v2\/tags?post=88130"}],"curies":[{"name":"wp","href":"https:\/\/api.w.org\/{rel}","templated":true}]}}