{"id":90274,"date":"2023-07-14T11:05:31","date_gmt":"2023-07-14T09:05:31","guid":{"rendered":"https:\/\/radio.umh.es\/?p=90274"},"modified":"2023-07-14T11:02:55","modified_gmt":"2023-07-14T09:02:55","slug":"las-cinco-universidades-publicas-valencianas-de-la-comunitat-valenciana-firman-el-convenio-del-personal-laboral-de-las-universidades-publicas-valencianas-de-la-comunitat-valenciana-en-boletin-i","status":"publish","type":"post","link":"https:\/\/radio.umh.es\/ca\/2023\/07\/14\/las-cinco-universidades-publicas-valencianas-de-la-comunitat-valenciana-firman-el-convenio-del-personal-laboral-de-las-universidades-publicas-valencianas-de-la-comunitat-valenciana-en-boletin-i\/","title":{"rendered":"<span lang=\"es\">(Espa\u00f1ol) Las cinco universidades p\u00fablicas valencianas de la Comunitat Valenciana firman el convenio del Personal Laboral de las Universidades P\u00fablicas Valencianas de la Comunitat Valenciana, en \u00abBolet\u00edn Informativo\u00bb, 14 de julio de 2023<\/span>"},"content":{"rendered":"<p class=\"qtranxs-available-languages-message qtranxs-available-languages-message-ca\">Ho sent, per\u00f2 aquesta entrada nom\u00e9s est\u00e0 disponible en <a href=\"https:\/\/radio.umh.es\/es\/wp-json\/wp\/v2\/posts\/90274\" class=\"qtranxs-available-language-link qtranxs-available-language-link-es\" title=\"Espa\u00f1ol\">Espanyol Europeu<\/a>.<\/p>","protected":false},"excerpt":{"rendered":"<p>Ho sent, per\u00f2 aquesta entrada nom\u00e9s est\u00e0 disponible en Espanyol Europeu.<\/p>\n","protected":false},"author":24459,"featured_media":0,"comment_status":"closed","ping_status":"open","sticky":false,"template":"","format":"standard","meta":{"ngg_post_thumbnail":0,"_links_to":"","_links_to_target":""},"categories":[725269],"tags":[],"publishpress_future_action":{"enabled":false,"date":"1970-01-01 01:00:00","action":"","terms":[],"taxonomy":"","browser_timezone_offset":0},"_links":{"self":[{"href":"https:\/\/radio.umh.es\/ca\/wp-json\/wp\/v2\/posts\/90274"}],"collection":[{"href":"https:\/\/radio.umh.es\/ca\/wp-json\/wp\/v2\/posts"}],"about":[{"href":"https:\/\/radio.umh.es\/ca\/wp-json\/wp\/v2\/types\/post"}],"author":[{"embeddable":true,"href":"https:\/\/radio.umh.es\/ca\/wp-json\/wp\/v2\/users\/24459"}],"replies":[{"embeddable":true,"href":"https:\/\/radio.umh.es\/ca\/wp-json\/wp\/v2\/comments?post=90274"}],"version-history":[{"count":0,"href":"https:\/\/radio.umh.es\/ca\/wp-json\/wp\/v2\/posts\/90274\/revisions"}],"wp:attachment":[{"href":"https:\/\/radio.umh.es\/ca\/wp-json\/wp\/v2\/media?parent=90274"}],"wp:term":[{"taxonomy":"category","embeddable":true,"href":"https:\/\/radio.umh.es\/ca\/wp-json\/wp\/v2\/categories?post=90274"},{"taxonomy":"post_tag","embeddable":true,"href":"https:\/\/radio.umh.es\/ca\/wp-json\/wp\/v2\/tags?post=90274"}],"curies":[{"name":"wp","href":"https:\/\/api.w.org\/{rel}","templated":true}]}}