{"id":90332,"date":"2023-07-18T11:05:26","date_gmt":"2023-07-18T09:05:26","guid":{"rendered":"https:\/\/radio.umh.es\/?p=90332"},"modified":"2023-07-18T11:44:11","modified_gmt":"2023-07-18T09:44:11","slug":"el-consell-general-de-la-xarxa-vives-duniversitats-aprova-la-carta-universitaria-de-la-llengua-en-boletin-informativo-14-de-julio-de-2023","status":"publish","type":"post","link":"https:\/\/radio.umh.es\/ca\/2023\/07\/18\/el-consell-general-de-la-xarxa-vives-duniversitats-aprova-la-carta-universitaria-de-la-llengua-en-boletin-informativo-14-de-julio-de-2023\/","title":{"rendered":"<span lang=\"es\">(Espa\u00f1ol) El Consell General de la Xarxa Vives d&#8217;Universitats aprova la Carta Universit\u00e0ria de la Llengua, en \u00abBolet\u00edn Informativo\u00bb, 18 de julio de 2023<\/span>"},"content":{"rendered":"<p class=\"qtranxs-available-languages-message qtranxs-available-languages-message-ca\">Ho sent, per\u00f2 aquesta entrada nom\u00e9s est\u00e0 disponible en <a href=\"https:\/\/radio.umh.es\/es\/wp-json\/wp\/v2\/posts\/90332\" class=\"qtranxs-available-language-link qtranxs-available-language-link-es\" title=\"Espa\u00f1ol\">Espanyol Europeu<\/a>.<\/p>","protected":false},"excerpt":{"rendered":"<p>Ho sent, per\u00f2 aquesta entrada nom\u00e9s est\u00e0 disponible en Espanyol Europeu.<\/p>\n","protected":false},"author":24459,"featured_media":0,"comment_status":"closed","ping_status":"open","sticky":false,"template":"","format":"standard","meta":{"ngg_post_thumbnail":0,"_links_to":"","_links_to_target":""},"categories":[725269],"tags":[],"publishpress_future_action":{"enabled":false,"date":"1970-01-01 01:00:00","action":"","terms":[],"taxonomy":"","browser_timezone_offset":0},"_links":{"self":[{"href":"https:\/\/radio.umh.es\/ca\/wp-json\/wp\/v2\/posts\/90332"}],"collection":[{"href":"https:\/\/radio.umh.es\/ca\/wp-json\/wp\/v2\/posts"}],"about":[{"href":"https:\/\/radio.umh.es\/ca\/wp-json\/wp\/v2\/types\/post"}],"author":[{"embeddable":true,"href":"https:\/\/radio.umh.es\/ca\/wp-json\/wp\/v2\/users\/24459"}],"replies":[{"embeddable":true,"href":"https:\/\/radio.umh.es\/ca\/wp-json\/wp\/v2\/comments?post=90332"}],"version-history":[{"count":0,"href":"https:\/\/radio.umh.es\/ca\/wp-json\/wp\/v2\/posts\/90332\/revisions"}],"wp:attachment":[{"href":"https:\/\/radio.umh.es\/ca\/wp-json\/wp\/v2\/media?parent=90332"}],"wp:term":[{"taxonomy":"category","embeddable":true,"href":"https:\/\/radio.umh.es\/ca\/wp-json\/wp\/v2\/categories?post=90332"},{"taxonomy":"post_tag","embeddable":true,"href":"https:\/\/radio.umh.es\/ca\/wp-json\/wp\/v2\/tags?post=90332"}],"curies":[{"name":"wp","href":"https:\/\/api.w.org\/{rel}","templated":true}]}}