{"id":92104,"date":"2023-11-07T16:00:15","date_gmt":"2023-11-07T15:00:15","guid":{"rendered":"https:\/\/radio.umh.es\/?p=92104"},"modified":"2023-11-08T10:13:11","modified_gmt":"2023-11-08T09:13:11","slug":"segunda-jornada-del-campeonato-autonomico-de-deporte-universitario-23-24-umh-uv-en-cadusel-7-de-noviembrede-2023","status":"publish","type":"post","link":"https:\/\/radio.umh.es\/ca\/2023\/11\/07\/segunda-jornada-del-campeonato-autonomico-de-deporte-universitario-23-24-umh-uv-en-cadusel-7-de-noviembrede-2023\/","title":{"rendered":"<span lang=\"es\">(Espa\u00f1ol) Segunda jornada del Campeonato Auton\u00f3mico de Deporte Universitario 23\/24, UMH-UV, en \u00abCadusel\u00bb, 7 de noviembrede 2023<\/span>"},"content":{"rendered":"<p class=\"qtranxs-available-languages-message qtranxs-available-languages-message-ca\">Ho sent, per\u00f2 aquesta entrada nom\u00e9s est\u00e0 disponible en <a href=\"https:\/\/radio.umh.es\/es\/wp-json\/wp\/v2\/posts\/92104\" class=\"qtranxs-available-language-link qtranxs-available-language-link-es\" title=\"Espa\u00f1ol\">Espanyol Europeu<\/a>.<\/p>","protected":false},"excerpt":{"rendered":"<p>Ho sent, per\u00f2 aquesta entrada nom\u00e9s est\u00e0 disponible en Espanyol Europeu.<\/p>\n","protected":false},"author":26019,"featured_media":0,"comment_status":"closed","ping_status":"open","sticky":false,"template":"","format":"standard","meta":{"ngg_post_thumbnail":0,"_links_to":"","_links_to_target":""},"categories":[797],"tags":[55104,863,55112,68732,88,29507,475,30602,147,851],"publishpress_future_action":{"enabled":false,"date":"1970-01-01 01:00:00","action":"","terms":[],"taxonomy":"","browser_timezone_offset":0},"_links":{"self":[{"href":"https:\/\/radio.umh.es\/ca\/wp-json\/wp\/v2\/posts\/92104"}],"collection":[{"href":"https:\/\/radio.umh.es\/ca\/wp-json\/wp\/v2\/posts"}],"about":[{"href":"https:\/\/radio.umh.es\/ca\/wp-json\/wp\/v2\/types\/post"}],"author":[{"embeddable":true,"href":"https:\/\/radio.umh.es\/ca\/wp-json\/wp\/v2\/users\/26019"}],"replies":[{"embeddable":true,"href":"https:\/\/radio.umh.es\/ca\/wp-json\/wp\/v2\/comments?post=92104"}],"version-history":[{"count":0,"href":"https:\/\/radio.umh.es\/ca\/wp-json\/wp\/v2\/posts\/92104\/revisions"}],"wp:attachment":[{"href":"https:\/\/radio.umh.es\/ca\/wp-json\/wp\/v2\/media?parent=92104"}],"wp:term":[{"taxonomy":"category","embeddable":true,"href":"https:\/\/radio.umh.es\/ca\/wp-json\/wp\/v2\/categories?post=92104"},{"taxonomy":"post_tag","embeddable":true,"href":"https:\/\/radio.umh.es\/ca\/wp-json\/wp\/v2\/tags?post=92104"}],"curies":[{"name":"wp","href":"https:\/\/api.w.org\/{rel}","templated":true}]}}