{"id":94698,"date":"2024-02-21T18:35:37","date_gmt":"2024-02-21T17:35:37","guid":{"rendered":"https:\/\/radio.umh.es\/?p=94698"},"modified":"2024-02-21T09:41:53","modified_gmt":"2024-02-21T08:41:53","slug":"el-consultor-internacional-quien-ha-estado-en-el-equipo-de-campana-del-vencedor-de-las-elecciones-gallegas-xavier-dominguez-en-liderazgo-el-21-de-febrero-de-2024","status":"publish","type":"post","link":"https:\/\/radio.umh.es\/ca\/2024\/02\/21\/el-consultor-internacional-quien-ha-estado-en-el-equipo-de-campana-del-vencedor-de-las-elecciones-gallegas-xavier-dominguez-en-liderazgo-el-21-de-febrero-de-2024\/","title":{"rendered":"<span lang=\"es\">(Espa\u00f1ol) El\u00a0consultor internacional, quien ha estado en el equipo de campa\u00f1a del vencedor de las elecciones gallegas, Xavier Dom\u00ednguez, en \u00abLiderazgo\u00bb, el 21 de febrero de 2024<\/span>"},"content":{"rendered":"<p class=\"qtranxs-available-languages-message qtranxs-available-languages-message-ca\">Ho sent, per\u00f2 aquesta entrada nom\u00e9s est\u00e0 disponible en <a href=\"https:\/\/radio.umh.es\/es\/wp-json\/wp\/v2\/posts\/94698\" class=\"qtranxs-available-language-link qtranxs-available-language-link-es\" title=\"Espa\u00f1ol\">Espanyol Europeu<\/a>.<\/p>","protected":false},"excerpt":{"rendered":"<p>Ho sent, per\u00f2 aquesta entrada nom\u00e9s est\u00e0 disponible en Espanyol Europeu.<\/p>\n","protected":false},"author":26023,"featured_media":0,"comment_status":"closed","ping_status":"open","sticky":false,"template":"","format":"standard","meta":{"ngg_post_thumbnail":0,"_links_to":"","_links_to_target":""},"categories":[10070],"tags":[1390944,353],"publishpress_future_action":{"enabled":false,"date":"1970-01-01 01:00:00","action":"","terms":[],"taxonomy":"","browser_timezone_offset":0},"_links":{"self":[{"href":"https:\/\/radio.umh.es\/ca\/wp-json\/wp\/v2\/posts\/94698"}],"collection":[{"href":"https:\/\/radio.umh.es\/ca\/wp-json\/wp\/v2\/posts"}],"about":[{"href":"https:\/\/radio.umh.es\/ca\/wp-json\/wp\/v2\/types\/post"}],"author":[{"embeddable":true,"href":"https:\/\/radio.umh.es\/ca\/wp-json\/wp\/v2\/users\/26023"}],"replies":[{"embeddable":true,"href":"https:\/\/radio.umh.es\/ca\/wp-json\/wp\/v2\/comments?post=94698"}],"version-history":[{"count":0,"href":"https:\/\/radio.umh.es\/ca\/wp-json\/wp\/v2\/posts\/94698\/revisions"}],"wp:attachment":[{"href":"https:\/\/radio.umh.es\/ca\/wp-json\/wp\/v2\/media?parent=94698"}],"wp:term":[{"taxonomy":"category","embeddable":true,"href":"https:\/\/radio.umh.es\/ca\/wp-json\/wp\/v2\/categories?post=94698"},{"taxonomy":"post_tag","embeddable":true,"href":"https:\/\/radio.umh.es\/ca\/wp-json\/wp\/v2\/tags?post=94698"}],"curies":[{"name":"wp","href":"https:\/\/api.w.org\/{rel}","templated":true}]}}