{"id":98441,"date":"2024-10-08T12:35:52","date_gmt":"2024-10-08T10:35:52","guid":{"rendered":"https:\/\/radio.umh.es\/?p=98441"},"modified":"2024-07-18T13:17:32","modified_gmt":"2024-07-18T11:17:32","slug":"sabes-que-muchos-de-los-datiles-frescos-ilicitanos-pueden-tener-menos-cantidad-de-azucar-que-muchas-frutas-en-agrophoenix-8-de-octubre-de-2024","status":"publish","type":"post","link":"https:\/\/radio.umh.es\/ca\/2024\/10\/08\/sabes-que-muchos-de-los-datiles-frescos-ilicitanos-pueden-tener-menos-cantidad-de-azucar-que-muchas-frutas-en-agrophoenix-8-de-octubre-de-2024\/","title":{"rendered":"<span lang=\"es\">(Espa\u00f1ol) \u00bfSabes que muchos de los d\u00e1tiles frescos ilicitanos pueden tener menos cantidad de az\u00facar que muchas frutas? En \u00abAgrophoenix\u00bb, 8 de octubre de 2024<\/span>"},"content":{"rendered":"<p class=\"qtranxs-available-languages-message qtranxs-available-languages-message-ca\">Ho sent, per\u00f2 aquesta entrada nom\u00e9s est\u00e0 disponible en <a href=\"https:\/\/radio.umh.es\/es\/wp-json\/wp\/v2\/posts\/98441\" class=\"qtranxs-available-language-link qtranxs-available-language-link-es\" title=\"Espa\u00f1ol\">Espanyol Europeu<\/a>.<\/p>","protected":false},"excerpt":{"rendered":"<p>Ho sent, per\u00f2 aquesta entrada nom\u00e9s est\u00e0 disponible en Espanyol Europeu.<\/p>\n","protected":false},"author":26019,"featured_media":0,"comment_status":"closed","ping_status":"open","sticky":false,"template":"","format":"standard","meta":{"ngg_post_thumbnail":0,"_links_to":"","_links_to_target":""},"categories":[1346308],"tags":[],"publishpress_future_action":{"enabled":false,"date":"1970-01-01 01:00:00","action":"","terms":[],"taxonomy":"","browser_timezone_offset":0},"_links":{"self":[{"href":"https:\/\/radio.umh.es\/ca\/wp-json\/wp\/v2\/posts\/98441"}],"collection":[{"href":"https:\/\/radio.umh.es\/ca\/wp-json\/wp\/v2\/posts"}],"about":[{"href":"https:\/\/radio.umh.es\/ca\/wp-json\/wp\/v2\/types\/post"}],"author":[{"embeddable":true,"href":"https:\/\/radio.umh.es\/ca\/wp-json\/wp\/v2\/users\/26019"}],"replies":[{"embeddable":true,"href":"https:\/\/radio.umh.es\/ca\/wp-json\/wp\/v2\/comments?post=98441"}],"version-history":[{"count":0,"href":"https:\/\/radio.umh.es\/ca\/wp-json\/wp\/v2\/posts\/98441\/revisions"}],"wp:attachment":[{"href":"https:\/\/radio.umh.es\/ca\/wp-json\/wp\/v2\/media?parent=98441"}],"wp:term":[{"taxonomy":"category","embeddable":true,"href":"https:\/\/radio.umh.es\/ca\/wp-json\/wp\/v2\/categories?post=98441"},{"taxonomy":"post_tag","embeddable":true,"href":"https:\/\/radio.umh.es\/ca\/wp-json\/wp\/v2\/tags?post=98441"}],"curies":[{"name":"wp","href":"https:\/\/api.w.org\/{rel}","templated":true}]}}