{"id":725095,"count":1,"description":"","link":"https:\/\/radio.umh.es\/ca\/tag\/jose-luis-perez-aranda\/","name":"Jos\u00e9 Lu\u00eds P\u00e9rez-Aranda","slug":"jose-luis-perez-aranda","taxonomy":"post_tag","meta":[],"_links":{"self":[{"href":"https:\/\/radio.umh.es\/ca\/wp-json\/wp\/v2\/tags\/725095"}],"collection":[{"href":"https:\/\/radio.umh.es\/ca\/wp-json\/wp\/v2\/tags"}],"about":[{"href":"https:\/\/radio.umh.es\/ca\/wp-json\/wp\/v2\/taxonomies\/post_tag"}],"wp:post_type":[{"href":"https:\/\/radio.umh.es\/ca\/wp-json\/wp\/v2\/posts?tags=725095"}],"curies":[{"name":"wp","href":"https:\/\/api.w.org\/{rel}","templated":true}]}}