{"id":103465,"date":"2025-03-05T15:45:30","date_gmt":"2025-03-05T14:45:30","guid":{"rendered":"https:\/\/radio.umh.es\/?p=103465"},"modified":"2025-03-05T10:59:16","modified_gmt":"2025-03-05T09:59:16","slug":"la-propiedad-industrial-en-el-concurso-de-acreedores-con-la-prof-a-maria-jose-verdu-canete-y-la-imputacion-del-fiscal-general-del-estado-en-frecuencia-legal-5-de-marzo-de-2025","status":"publish","type":"post","link":"https:\/\/radio.umh.es\/en\/2025\/03\/05\/la-propiedad-industrial-en-el-concurso-de-acreedores-con-la-prof-a-maria-jose-verdu-canete-y-la-imputacion-del-fiscal-general-del-estado-en-frecuencia-legal-5-de-marzo-de-2025\/","title":{"rendered":"<span lang=\"es\">(Espa\u00f1ol) La propiedad industrial en el concurso de acreedores con la Prof.\u00aa Mar\u00eda Jos\u00e9 Verd\u00fa Ca\u00f1ete y la imputaci\u00f3n del Fiscal General del Estado, en &#8220;Frecuencia Legal&#8221;, 5 de marzo de 2025<\/span>"},"content":{"rendered":"<p class=\"qtranxs-available-languages-message qtranxs-available-languages-message-en\">Sorry, this entry is only available in <a href=\"https:\/\/radio.umh.es\/es\/wp-json\/wp\/v2\/posts\/103465\" class=\"qtranxs-available-language-link qtranxs-available-language-link-es\" title=\"Espa\u00f1ol\">European Spanish<\/a>.<\/p>","protected":false},"excerpt":{"rendered":"<p>Sorry, this entry is only available in European Spanish.<\/p>\n","protected":false},"author":30148,"featured_media":0,"comment_status":"closed","ping_status":"open","sticky":false,"template":"","format":"standard","meta":{"ngg_post_thumbnail":0,"_links_to":"","_links_to_target":""},"categories":[1429376],"tags":[],"publishpress_future_action":{"enabled":false,"date":"1970-01-01 01:00:00","action":"","terms":[],"taxonomy":"","browser_timezone_offset":0},"_links":{"self":[{"href":"https:\/\/radio.umh.es\/en\/wp-json\/wp\/v2\/posts\/103465"}],"collection":[{"href":"https:\/\/radio.umh.es\/en\/wp-json\/wp\/v2\/posts"}],"about":[{"href":"https:\/\/radio.umh.es\/en\/wp-json\/wp\/v2\/types\/post"}],"author":[{"embeddable":true,"href":"https:\/\/radio.umh.es\/en\/wp-json\/wp\/v2\/users\/30148"}],"replies":[{"embeddable":true,"href":"https:\/\/radio.umh.es\/en\/wp-json\/wp\/v2\/comments?post=103465"}],"version-history":[{"count":0,"href":"https:\/\/radio.umh.es\/en\/wp-json\/wp\/v2\/posts\/103465\/revisions"}],"wp:attachment":[{"href":"https:\/\/radio.umh.es\/en\/wp-json\/wp\/v2\/media?parent=103465"}],"wp:term":[{"taxonomy":"category","embeddable":true,"href":"https:\/\/radio.umh.es\/en\/wp-json\/wp\/v2\/categories?post=103465"},{"taxonomy":"post_tag","embeddable":true,"href":"https:\/\/radio.umh.es\/en\/wp-json\/wp\/v2\/tags?post=103465"}],"curies":[{"name":"wp","href":"https:\/\/api.w.org\/{rel}","templated":true}]}}