{"id":105427,"date":"2025-05-21T16:05:32","date_gmt":"2025-05-21T14:05:32","guid":{"rendered":"https:\/\/radio.umh.es\/?p=105427"},"modified":"2025-05-21T14:08:35","modified_gmt":"2025-05-21T12:08:35","slug":"el-taller-de-litigacion-internacional-de-la-umh-prepara-a-estudiantes-para-competir-en-la-viii-edicion-de-la-comlit-en-frecuencia-legal-21-de-mayo-de-2025","status":"publish","type":"post","link":"https:\/\/radio.umh.es\/en\/2025\/05\/21\/el-taller-de-litigacion-internacional-de-la-umh-prepara-a-estudiantes-para-competir-en-la-viii-edicion-de-la-comlit-en-frecuencia-legal-21-de-mayo-de-2025\/","title":{"rendered":"<span lang=\"es\">(Espa\u00f1ol) El Taller de Litigaci\u00f3n Internacional de la UMH prepara a estudiantes para competir en la VIII edici\u00f3n de la ComLit, en \u00abFrecuencia Legal\u00bb, 21 de mayo de 2025<\/span>"},"content":{"rendered":"<p class=\"qtranxs-available-languages-message qtranxs-available-languages-message-en\">Sorry, this entry is only available in <a href=\"https:\/\/radio.umh.es\/es\/wp-json\/wp\/v2\/posts\/105427\" class=\"qtranxs-available-language-link qtranxs-available-language-link-es\" title=\"Espa\u00f1ol\">European Spanish<\/a>.<\/p>","protected":false},"excerpt":{"rendered":"<p>Sorry, this entry is only available in European Spanish.<\/p>\n","protected":false},"author":29899,"featured_media":105430,"comment_status":"closed","ping_status":"open","sticky":false,"template":"","format":"standard","meta":{"ngg_post_thumbnail":0,"_links_to":"","_links_to_target":""},"categories":[1429376],"tags":[],"publishpress_future_action":{"enabled":false,"date":"1970-01-01 01:00:00","action":"","terms":[],"taxonomy":"","browser_timezone_offset":0},"_links":{"self":[{"href":"https:\/\/radio.umh.es\/en\/wp-json\/wp\/v2\/posts\/105427"}],"collection":[{"href":"https:\/\/radio.umh.es\/en\/wp-json\/wp\/v2\/posts"}],"about":[{"href":"https:\/\/radio.umh.es\/en\/wp-json\/wp\/v2\/types\/post"}],"author":[{"embeddable":true,"href":"https:\/\/radio.umh.es\/en\/wp-json\/wp\/v2\/users\/29899"}],"replies":[{"embeddable":true,"href":"https:\/\/radio.umh.es\/en\/wp-json\/wp\/v2\/comments?post=105427"}],"version-history":[{"count":0,"href":"https:\/\/radio.umh.es\/en\/wp-json\/wp\/v2\/posts\/105427\/revisions"}],"wp:featuredmedia":[{"embeddable":true,"href":"https:\/\/radio.umh.es\/en\/wp-json\/wp\/v2\/media\/105430"}],"wp:attachment":[{"href":"https:\/\/radio.umh.es\/en\/wp-json\/wp\/v2\/media?parent=105427"}],"wp:term":[{"taxonomy":"category","embeddable":true,"href":"https:\/\/radio.umh.es\/en\/wp-json\/wp\/v2\/categories?post=105427"},{"taxonomy":"post_tag","embeddable":true,"href":"https:\/\/radio.umh.es\/en\/wp-json\/wp\/v2\/tags?post=105427"}],"curies":[{"name":"wp","href":"https:\/\/api.w.org\/{rel}","templated":true}]}}