{"id":106055,"date":"2025-06-17T12:05:26","date_gmt":"2025-06-17T10:05:26","guid":{"rendered":"https:\/\/radio.umh.es\/?p=106055"},"modified":"2025-06-17T09:32:26","modified_gmt":"2025-06-17T07:32:26","slug":"simona-giorgi-directora-cientifica-de-la-fundacion-sindrome-de-dravet-y-las-proximas-jornadas-de-los-programas-orihuela-torrevieja-y-aspe-emprende-en-una-ventana-a-la-innovacion-17-de-junio-20","status":"publish","type":"post","link":"https:\/\/radio.umh.es\/en\/2025\/06\/17\/simona-giorgi-directora-cientifica-de-la-fundacion-sindrome-de-dravet-y-las-proximas-jornadas-de-los-programas-orihuela-torrevieja-y-aspe-emprende-en-una-ventana-a-la-innovacion-17-de-junio-20\/","title":{"rendered":"<span lang=\"es\">(Espa\u00f1ol) Las pr\u00f3ximas jornadas de los programas Orihuela, Torrevieja y Aspe Emprende, en &#8220;Una ventana a la innovaci\u00f3n&#8221;, 17 de junio 2025<\/span>"},"content":{"rendered":"<p class=\"qtranxs-available-languages-message qtranxs-available-languages-message-en\">Sorry, this entry is only available in <a href=\"https:\/\/radio.umh.es\/es\/wp-json\/wp\/v2\/posts\/106055\" class=\"qtranxs-available-language-link qtranxs-available-language-link-es\" title=\"Espa\u00f1ol\">European Spanish<\/a>.<\/p>","protected":false},"excerpt":{"rendered":"<p>Sorry, this entry is only available in European Spanish.<\/p>\n","protected":false},"author":30148,"featured_media":0,"comment_status":"closed","ping_status":"open","sticky":false,"template":"","format":"standard","meta":{"ngg_post_thumbnail":0,"_links_to":"","_links_to_target":""},"categories":[67703],"tags":[],"publishpress_future_action":{"enabled":false,"date":"1970-01-01 01:00:00","action":"","terms":[],"taxonomy":"","browser_timezone_offset":0},"_links":{"self":[{"href":"https:\/\/radio.umh.es\/en\/wp-json\/wp\/v2\/posts\/106055"}],"collection":[{"href":"https:\/\/radio.umh.es\/en\/wp-json\/wp\/v2\/posts"}],"about":[{"href":"https:\/\/radio.umh.es\/en\/wp-json\/wp\/v2\/types\/post"}],"author":[{"embeddable":true,"href":"https:\/\/radio.umh.es\/en\/wp-json\/wp\/v2\/users\/30148"}],"replies":[{"embeddable":true,"href":"https:\/\/radio.umh.es\/en\/wp-json\/wp\/v2\/comments?post=106055"}],"version-history":[{"count":0,"href":"https:\/\/radio.umh.es\/en\/wp-json\/wp\/v2\/posts\/106055\/revisions"}],"wp:attachment":[{"href":"https:\/\/radio.umh.es\/en\/wp-json\/wp\/v2\/media?parent=106055"}],"wp:term":[{"taxonomy":"category","embeddable":true,"href":"https:\/\/radio.umh.es\/en\/wp-json\/wp\/v2\/categories?post=106055"},{"taxonomy":"post_tag","embeddable":true,"href":"https:\/\/radio.umh.es\/en\/wp-json\/wp\/v2\/tags?post=106055"}],"curies":[{"name":"wp","href":"https:\/\/api.w.org\/{rel}","templated":true}]}}