{"id":106235,"date":"2025-07-02T16:05:39","date_gmt":"2025-07-02T14:05:39","guid":{"rendered":"https:\/\/radio.umh.es\/?p=106235"},"modified":"2025-06-26T11:29:11","modified_gmt":"2025-06-26T09:29:11","slug":"el-papel-de-un-abogado-de-empresa-con-francisco-soler-samper-y-la-distribucion-de-competencias-en-sanidad-con-sergio-martin-en-frecuencia-legal-2-de-julio-de-2025","status":"publish","type":"post","link":"https:\/\/radio.umh.es\/en\/2025\/07\/02\/el-papel-de-un-abogado-de-empresa-con-francisco-soler-samper-y-la-distribucion-de-competencias-en-sanidad-con-sergio-martin-en-frecuencia-legal-2-de-julio-de-2025\/","title":{"rendered":"<span lang=\"es\">(Espa\u00f1ol) El papel de un abogado de empresa con Francisco Soler Samper y la distribuci\u00f3n de competencias en sanidad con Sergio Mart\u00edn, en &#8220;Frecuencia  Legal&#8221;, 2 de julio de 2025<\/span>"},"content":{"rendered":"<p class=\"qtranxs-available-languages-message qtranxs-available-languages-message-en\">Sorry, this entry is only available in <a href=\"https:\/\/radio.umh.es\/es\/wp-json\/wp\/v2\/posts\/106235\" class=\"qtranxs-available-language-link qtranxs-available-language-link-es\" title=\"Espa\u00f1ol\">European Spanish<\/a>.<\/p>","protected":false},"excerpt":{"rendered":"<p>Sorry, this entry is only available in European Spanish.<\/p>\n","protected":false},"author":30148,"featured_media":0,"comment_status":"closed","ping_status":"open","sticky":false,"template":"","format":"standard","meta":{"ngg_post_thumbnail":0,"_links_to":"","_links_to_target":""},"categories":[1429376],"tags":[],"publishpress_future_action":{"enabled":false,"date":"1970-01-01 01:00:00","action":"","terms":[],"taxonomy":"","browser_timezone_offset":0},"_links":{"self":[{"href":"https:\/\/radio.umh.es\/en\/wp-json\/wp\/v2\/posts\/106235"}],"collection":[{"href":"https:\/\/radio.umh.es\/en\/wp-json\/wp\/v2\/posts"}],"about":[{"href":"https:\/\/radio.umh.es\/en\/wp-json\/wp\/v2\/types\/post"}],"author":[{"embeddable":true,"href":"https:\/\/radio.umh.es\/en\/wp-json\/wp\/v2\/users\/30148"}],"replies":[{"embeddable":true,"href":"https:\/\/radio.umh.es\/en\/wp-json\/wp\/v2\/comments?post=106235"}],"version-history":[{"count":0,"href":"https:\/\/radio.umh.es\/en\/wp-json\/wp\/v2\/posts\/106235\/revisions"}],"wp:attachment":[{"href":"https:\/\/radio.umh.es\/en\/wp-json\/wp\/v2\/media?parent=106235"}],"wp:term":[{"taxonomy":"category","embeddable":true,"href":"https:\/\/radio.umh.es\/en\/wp-json\/wp\/v2\/categories?post=106235"},{"taxonomy":"post_tag","embeddable":true,"href":"https:\/\/radio.umh.es\/en\/wp-json\/wp\/v2\/tags?post=106235"}],"curies":[{"name":"wp","href":"https:\/\/api.w.org\/{rel}","templated":true}]}}