{"id":107501,"date":"2025-09-23T13:20:20","date_gmt":"2025-09-23T11:20:20","guid":{"rendered":"https:\/\/radio.umh.es\/?p=107501"},"modified":"2025-09-23T11:41:39","modified_gmt":"2025-09-23T09:41:39","slug":"la-reforma-de-la-politica-agricola-comun-centra-un-debate-con-el-comisario-christophe-hansen-en-flash-informativo-del-parlamento-europeo-23-de-septiembre-de-2025","status":"publish","type":"post","link":"https:\/\/radio.umh.es\/en\/2025\/09\/23\/la-reforma-de-la-politica-agricola-comun-centra-un-debate-con-el-comisario-christophe-hansen-en-flash-informativo-del-parlamento-europeo-23-de-septiembre-de-2025\/","title":{"rendered":"<span lang=\"es\">(Espa\u00f1ol) La reforma de la pol\u00edtica agr\u00edcola com\u00fan centra un debate con el comisario Christophe Hansen, en \u00abFlash Informativo del Parlamento Europeo\u00bb, 23 de septiembre de 2025<\/span>"},"content":{"rendered":"<p class=\"qtranxs-available-languages-message qtranxs-available-languages-message-en\">Sorry, this entry is only available in <a href=\"https:\/\/radio.umh.es\/es\/wp-json\/wp\/v2\/posts\/107501\" class=\"qtranxs-available-language-link qtranxs-available-language-link-es\" title=\"Espa\u00f1ol\">European Spanish<\/a>.<\/p>","protected":false},"excerpt":{"rendered":"<p>Sorry, this entry is only available in European Spanish.<\/p>\n","protected":false},"author":30762,"featured_media":107459,"comment_status":"closed","ping_status":"open","sticky":false,"template":"","format":"standard","meta":{"ngg_post_thumbnail":0,"_links_to":"","_links_to_target":""},"categories":[1523432],"tags":[],"publishpress_future_action":{"enabled":false,"date":"1970-01-01 01:00:00","action":"","terms":[],"taxonomy":"","browser_timezone_offset":0},"_links":{"self":[{"href":"https:\/\/radio.umh.es\/en\/wp-json\/wp\/v2\/posts\/107501"}],"collection":[{"href":"https:\/\/radio.umh.es\/en\/wp-json\/wp\/v2\/posts"}],"about":[{"href":"https:\/\/radio.umh.es\/en\/wp-json\/wp\/v2\/types\/post"}],"author":[{"embeddable":true,"href":"https:\/\/radio.umh.es\/en\/wp-json\/wp\/v2\/users\/30762"}],"replies":[{"embeddable":true,"href":"https:\/\/radio.umh.es\/en\/wp-json\/wp\/v2\/comments?post=107501"}],"version-history":[{"count":0,"href":"https:\/\/radio.umh.es\/en\/wp-json\/wp\/v2\/posts\/107501\/revisions"}],"wp:featuredmedia":[{"embeddable":true,"href":"https:\/\/radio.umh.es\/en\/wp-json\/wp\/v2\/media\/107459"}],"wp:attachment":[{"href":"https:\/\/radio.umh.es\/en\/wp-json\/wp\/v2\/media?parent=107501"}],"wp:term":[{"taxonomy":"category","embeddable":true,"href":"https:\/\/radio.umh.es\/en\/wp-json\/wp\/v2\/categories?post=107501"},{"taxonomy":"post_tag","embeddable":true,"href":"https:\/\/radio.umh.es\/en\/wp-json\/wp\/v2\/tags?post=107501"}],"curies":[{"name":"wp","href":"https:\/\/api.w.org\/{rel}","templated":true}]}}