{"id":108299,"date":"2025-10-24T13:00:23","date_gmt":"2025-10-24T11:00:23","guid":{"rendered":"https:\/\/radio.umh.es\/?p=108299"},"modified":"2025-10-21T14:45:27","modified_gmt":"2025-10-21T12:45:27","slug":"la-economia-circular-el-fenomeno-economico-de-la-cantante-taylor-swift-y-los-ciclos-economicos-en-la-economia-mas-facil-24-de-octubre-de-2025","status":"publish","type":"post","link":"https:\/\/radio.umh.es\/en\/2025\/10\/24\/la-economia-circular-el-fenomeno-economico-de-la-cantante-taylor-swift-y-los-ciclos-economicos-en-la-economia-mas-facil-24-de-octubre-de-2025\/","title":{"rendered":"<span lang=\"es\">(Espa\u00f1ol) La econom\u00eda circular, el fen\u00f3meno econ\u00f3mico de la cantante Taylor Swift y los ciclos econ\u00f3micos en &#8220;La econom\u00eda m\u00e1s f\u00e1cil&#8221;, 24 de octubre de 2025<\/span>"},"content":{"rendered":"<p class=\"qtranxs-available-languages-message qtranxs-available-languages-message-en\">Sorry, this entry is only available in <a href=\"https:\/\/radio.umh.es\/es\/wp-json\/wp\/v2\/posts\/108299\" class=\"qtranxs-available-language-link qtranxs-available-language-link-es\" title=\"Espa\u00f1ol\">European Spanish<\/a>.<\/p>","protected":false},"excerpt":{"rendered":"<p>Sorry, this entry is only available in European Spanish.<\/p>\n","protected":false},"author":306,"featured_media":0,"comment_status":"closed","ping_status":"open","sticky":false,"template":"","format":"standard","meta":{"ngg_post_thumbnail":0,"_links_to":"","_links_to_target":""},"categories":[1429409],"tags":[],"publishpress_future_action":{"enabled":false,"date":"1970-01-01 01:00:00","action":"","terms":[],"taxonomy":"","browser_timezone_offset":0},"_links":{"self":[{"href":"https:\/\/radio.umh.es\/en\/wp-json\/wp\/v2\/posts\/108299"}],"collection":[{"href":"https:\/\/radio.umh.es\/en\/wp-json\/wp\/v2\/posts"}],"about":[{"href":"https:\/\/radio.umh.es\/en\/wp-json\/wp\/v2\/types\/post"}],"author":[{"embeddable":true,"href":"https:\/\/radio.umh.es\/en\/wp-json\/wp\/v2\/users\/306"}],"replies":[{"embeddable":true,"href":"https:\/\/radio.umh.es\/en\/wp-json\/wp\/v2\/comments?post=108299"}],"version-history":[{"count":0,"href":"https:\/\/radio.umh.es\/en\/wp-json\/wp\/v2\/posts\/108299\/revisions"}],"wp:attachment":[{"href":"https:\/\/radio.umh.es\/en\/wp-json\/wp\/v2\/media?parent=108299"}],"wp:term":[{"taxonomy":"category","embeddable":true,"href":"https:\/\/radio.umh.es\/en\/wp-json\/wp\/v2\/categories?post=108299"},{"taxonomy":"post_tag","embeddable":true,"href":"https:\/\/radio.umh.es\/en\/wp-json\/wp\/v2\/tags?post=108299"}],"curies":[{"name":"wp","href":"https:\/\/api.w.org\/{rel}","templated":true}]}}