{"id":108533,"date":"2025-10-29T12:35:53","date_gmt":"2025-10-29T11:35:53","guid":{"rendered":"https:\/\/radio.umh.es\/?p=108533"},"modified":"2025-10-27T13:56:17","modified_gmt":"2025-10-27T12:56:17","slug":"la-soledad-en-la-tercera-edad-el-cierre-del-centro-de-dia-de-plaza-america-en-alicante-en-la-camara-de-gesell-29-de-octubre-de-2025","status":"publish","type":"post","link":"https:\/\/radio.umh.es\/en\/2025\/10\/29\/la-soledad-en-la-tercera-edad-el-cierre-del-centro-de-dia-de-plaza-america-en-alicante-en-la-camara-de-gesell-29-de-octubre-de-2025\/","title":{"rendered":"<span lang=\"es\">(Espa\u00f1ol) La SOLEDAD en la TERCERA EDAD | El cierre del Centro de D\u00eda de Plaza Am\u00e9rica en ALICANTE, en \u00abLa C\u00e1mara de Gesell\u00bb, 29 de octubre de 2025<\/span>"},"content":{"rendered":"<p class=\"qtranxs-available-languages-message qtranxs-available-languages-message-en\">Sorry, this entry is only available in <a href=\"https:\/\/radio.umh.es\/es\/wp-json\/wp\/v2\/posts\/108533\" class=\"qtranxs-available-language-link qtranxs-available-language-link-es\" title=\"Espa\u00f1ol\">European Spanish<\/a>.<\/p>","protected":false},"excerpt":{"rendered":"<p>Sorry, this entry is only available in European Spanish.<\/p>\n","protected":false},"author":29899,"featured_media":108536,"comment_status":"closed","ping_status":"open","sticky":false,"template":"","format":"standard","meta":{"ngg_post_thumbnail":0,"_links_to":"","_links_to_target":""},"categories":[1346236],"tags":[207,1523441,74456,45325],"publishpress_future_action":{"enabled":false,"date":"1970-01-01 01:00:00","action":"","terms":[],"taxonomy":"","browser_timezone_offset":0},"_links":{"self":[{"href":"https:\/\/radio.umh.es\/en\/wp-json\/wp\/v2\/posts\/108533"}],"collection":[{"href":"https:\/\/radio.umh.es\/en\/wp-json\/wp\/v2\/posts"}],"about":[{"href":"https:\/\/radio.umh.es\/en\/wp-json\/wp\/v2\/types\/post"}],"author":[{"embeddable":true,"href":"https:\/\/radio.umh.es\/en\/wp-json\/wp\/v2\/users\/29899"}],"replies":[{"embeddable":true,"href":"https:\/\/radio.umh.es\/en\/wp-json\/wp\/v2\/comments?post=108533"}],"version-history":[{"count":0,"href":"https:\/\/radio.umh.es\/en\/wp-json\/wp\/v2\/posts\/108533\/revisions"}],"wp:featuredmedia":[{"embeddable":true,"href":"https:\/\/radio.umh.es\/en\/wp-json\/wp\/v2\/media\/108536"}],"wp:attachment":[{"href":"https:\/\/radio.umh.es\/en\/wp-json\/wp\/v2\/media?parent=108533"}],"wp:term":[{"taxonomy":"category","embeddable":true,"href":"https:\/\/radio.umh.es\/en\/wp-json\/wp\/v2\/categories?post=108533"},{"taxonomy":"post_tag","embeddable":true,"href":"https:\/\/radio.umh.es\/en\/wp-json\/wp\/v2\/tags?post=108533"}],"curies":[{"name":"wp","href":"https:\/\/api.w.org\/{rel}","templated":true}]}}