{"id":108794,"date":"2025-11-04T13:20:25","date_gmt":"2025-11-04T12:20:25","guid":{"rendered":"https:\/\/radio.umh.es\/?p=108794"},"modified":"2026-01-08T10:21:54","modified_gmt":"2026-01-08T09:21:54","slug":"la-eurocamara-interpelara-al-comisario-de-presupuesto-de-la-ue-sobre-el-proximo-presupuesto-a-largo-plazo-en-flash-informativo-del-parlamento-europeo-4-de-noviembre-de-2025","status":"publish","type":"post","link":"https:\/\/radio.umh.es\/en\/2025\/11\/04\/la-eurocamara-interpelara-al-comisario-de-presupuesto-de-la-ue-sobre-el-proximo-presupuesto-a-largo-plazo-en-flash-informativo-del-parlamento-europeo-4-de-noviembre-de-2025\/","title":{"rendered":"<span lang=\"es\">(Espa\u00f1ol) La Euroc\u00e1mara interpelar\u00e1 al comisario de Presupuesto de la UE sobre el pr\u00f3ximo presupuesto a largo plazo, en \u00abFlash Informativo del Parlamento Europeo\u00bb, 4 de noviembre de 2025<\/span>"},"content":{"rendered":"<p class=\"qtranxs-available-languages-message qtranxs-available-languages-message-en\">Sorry, this entry is only available in <a href=\"https:\/\/radio.umh.es\/es\/wp-json\/wp\/v2\/posts\/108794\" class=\"qtranxs-available-language-link qtranxs-available-language-link-es\" title=\"Espa\u00f1ol\">European Spanish<\/a>.<\/p>","protected":false},"excerpt":{"rendered":"<p>Sorry, this entry is only available in European Spanish.<\/p>\n","protected":false},"author":30762,"featured_media":108563,"comment_status":"closed","ping_status":"open","sticky":false,"template":"","format":"standard","meta":{"ngg_post_thumbnail":0,"_links_to":"","_links_to_target":""},"categories":[1523432],"tags":[],"publishpress_future_action":{"enabled":false,"date":"1970-01-01 01:00:00","action":"","terms":[],"taxonomy":"","browser_timezone_offset":0},"_links":{"self":[{"href":"https:\/\/radio.umh.es\/en\/wp-json\/wp\/v2\/posts\/108794"}],"collection":[{"href":"https:\/\/radio.umh.es\/en\/wp-json\/wp\/v2\/posts"}],"about":[{"href":"https:\/\/radio.umh.es\/en\/wp-json\/wp\/v2\/types\/post"}],"author":[{"embeddable":true,"href":"https:\/\/radio.umh.es\/en\/wp-json\/wp\/v2\/users\/30762"}],"replies":[{"embeddable":true,"href":"https:\/\/radio.umh.es\/en\/wp-json\/wp\/v2\/comments?post=108794"}],"version-history":[{"count":0,"href":"https:\/\/radio.umh.es\/en\/wp-json\/wp\/v2\/posts\/108794\/revisions"}],"wp:featuredmedia":[{"embeddable":true,"href":"https:\/\/radio.umh.es\/en\/wp-json\/wp\/v2\/media\/108563"}],"wp:attachment":[{"href":"https:\/\/radio.umh.es\/en\/wp-json\/wp\/v2\/media?parent=108794"}],"wp:term":[{"taxonomy":"category","embeddable":true,"href":"https:\/\/radio.umh.es\/en\/wp-json\/wp\/v2\/categories?post=108794"},{"taxonomy":"post_tag","embeddable":true,"href":"https:\/\/radio.umh.es\/en\/wp-json\/wp\/v2\/tags?post=108794"}],"curies":[{"name":"wp","href":"https:\/\/api.w.org\/{rel}","templated":true}]}}