{"id":109004,"date":"2025-11-10T13:20:51","date_gmt":"2025-11-10T12:20:51","guid":{"rendered":"https:\/\/radio.umh.es\/?p=109004"},"modified":"2026-01-08T10:13:44","modified_gmt":"2026-01-08T09:13:44","slug":"el-parlamento-celebra-una-audiencia-publica-sobre-la-situacion-de-los-derechos-humanos-en-sudan-en-flash-informativo-del-parlamento-europeo-10-de-noviembre-de-2025","status":"publish","type":"post","link":"https:\/\/radio.umh.es\/en\/2025\/11\/10\/el-parlamento-celebra-una-audiencia-publica-sobre-la-situacion-de-los-derechos-humanos-en-sudan-en-flash-informativo-del-parlamento-europeo-10-de-noviembre-de-2025\/","title":{"rendered":"<span lang=\"es\">(Espa\u00f1ol) El Parlamento celebra una audiencia p\u00fablica sobre la situaci\u00f3n de los derechos humanos en Sud\u00e1n, en \u00abFlash Informativo del Parlamento Europeo\u00bb, 10 de noviembre de 2025<\/span>"},"content":{"rendered":"<p class=\"qtranxs-available-languages-message qtranxs-available-languages-message-en\">Sorry, this entry is only available in <a href=\"https:\/\/radio.umh.es\/es\/wp-json\/wp\/v2\/posts\/109004\" class=\"qtranxs-available-language-link qtranxs-available-language-link-es\" title=\"Espa\u00f1ol\">European Spanish<\/a>.<\/p>","protected":false},"excerpt":{"rendered":"<p>Sorry, this entry is only available in European Spanish.<\/p>\n","protected":false},"author":30762,"featured_media":108563,"comment_status":"closed","ping_status":"open","sticky":false,"template":"","format":"standard","meta":{"ngg_post_thumbnail":0,"_links_to":"","_links_to_target":""},"categories":[1523432],"tags":[],"publishpress_future_action":{"enabled":false,"date":"1970-01-01 01:00:00","action":"","terms":[],"taxonomy":"","browser_timezone_offset":0},"_links":{"self":[{"href":"https:\/\/radio.umh.es\/en\/wp-json\/wp\/v2\/posts\/109004"}],"collection":[{"href":"https:\/\/radio.umh.es\/en\/wp-json\/wp\/v2\/posts"}],"about":[{"href":"https:\/\/radio.umh.es\/en\/wp-json\/wp\/v2\/types\/post"}],"author":[{"embeddable":true,"href":"https:\/\/radio.umh.es\/en\/wp-json\/wp\/v2\/users\/30762"}],"replies":[{"embeddable":true,"href":"https:\/\/radio.umh.es\/en\/wp-json\/wp\/v2\/comments?post=109004"}],"version-history":[{"count":0,"href":"https:\/\/radio.umh.es\/en\/wp-json\/wp\/v2\/posts\/109004\/revisions"}],"wp:featuredmedia":[{"embeddable":true,"href":"https:\/\/radio.umh.es\/en\/wp-json\/wp\/v2\/media\/108563"}],"wp:attachment":[{"href":"https:\/\/radio.umh.es\/en\/wp-json\/wp\/v2\/media?parent=109004"}],"wp:term":[{"taxonomy":"category","embeddable":true,"href":"https:\/\/radio.umh.es\/en\/wp-json\/wp\/v2\/categories?post=109004"},{"taxonomy":"post_tag","embeddable":true,"href":"https:\/\/radio.umh.es\/en\/wp-json\/wp\/v2\/tags?post=109004"}],"curies":[{"name":"wp","href":"https:\/\/api.w.org\/{rel}","templated":true}]}}