{"id":112669,"date":"2026-03-05T15:05:53","date_gmt":"2026-03-05T14:05:53","guid":{"rendered":"https:\/\/radio.umh.es\/?p=112669"},"modified":"2026-03-05T09:46:56","modified_gmt":"2026-03-05T08:46:56","slug":"tradicion-de-san-valentin-propuestas-para-restringir-el-acceso-de-menores-a-redes-sociales-el-caso-epstein-y-muchas-mas-en-juego-de-damas-5-de-marzo-de-2026","status":"publish","type":"post","link":"https:\/\/radio.umh.es\/en\/2026\/03\/05\/tradicion-de-san-valentin-propuestas-para-restringir-el-acceso-de-menores-a-redes-sociales-el-caso-epstein-y-muchas-mas-en-juego-de-damas-5-de-marzo-de-2026\/","title":{"rendered":"<span lang=\"es\">(Espa\u00f1ol) Tradici\u00f3n de San Valent\u00edn, propuestas para restringir el acceso de menores a redes sociales, el caso Epstein y muchas m\u00e1s, en \u00abJuego de Damas\u00bb, 5 de marzo de 2026<\/span>"},"content":{"rendered":"<p class=\"qtranxs-available-languages-message qtranxs-available-languages-message-en\">Sorry, this entry is only available in <a href=\"https:\/\/radio.umh.es\/es\/wp-json\/wp\/v2\/posts\/112669\" class=\"qtranxs-available-language-link qtranxs-available-language-link-es\" title=\"Espa\u00f1ol\">European Spanish<\/a>.<\/p>","protected":false},"excerpt":{"rendered":"<p>Sorry, this entry is only available in European Spanish.<\/p>\n","protected":false},"author":30762,"featured_media":0,"comment_status":"closed","ping_status":"open","sticky":false,"template":"","format":"standard","meta":{"ngg_post_thumbnail":0,"_links_to":"","_links_to_target":""},"categories":[1523515],"tags":[],"publishpress_future_action":{"enabled":false,"date":"1970-01-01 01:00:00","action":"","terms":[],"taxonomy":"","browser_timezone_offset":0},"_links":{"self":[{"href":"https:\/\/radio.umh.es\/en\/wp-json\/wp\/v2\/posts\/112669"}],"collection":[{"href":"https:\/\/radio.umh.es\/en\/wp-json\/wp\/v2\/posts"}],"about":[{"href":"https:\/\/radio.umh.es\/en\/wp-json\/wp\/v2\/types\/post"}],"author":[{"embeddable":true,"href":"https:\/\/radio.umh.es\/en\/wp-json\/wp\/v2\/users\/30762"}],"replies":[{"embeddable":true,"href":"https:\/\/radio.umh.es\/en\/wp-json\/wp\/v2\/comments?post=112669"}],"version-history":[{"count":0,"href":"https:\/\/radio.umh.es\/en\/wp-json\/wp\/v2\/posts\/112669\/revisions"}],"wp:attachment":[{"href":"https:\/\/radio.umh.es\/en\/wp-json\/wp\/v2\/media?parent=112669"}],"wp:term":[{"taxonomy":"category","embeddable":true,"href":"https:\/\/radio.umh.es\/en\/wp-json\/wp\/v2\/categories?post=112669"},{"taxonomy":"post_tag","embeddable":true,"href":"https:\/\/radio.umh.es\/en\/wp-json\/wp\/v2\/tags?post=112669"}],"curies":[{"name":"wp","href":"https:\/\/api.w.org\/{rel}","templated":true}]}}