{"id":117222,"date":"2026-09-04T13:25:17","date_gmt":"2026-09-04T11:25:17","guid":{"rendered":"https:\/\/radio.umh.es\/?p=117222"},"modified":"2026-09-04T09:26:57","modified_gmt":"2026-09-04T07:26:57","slug":"la-comision-de-empleo-y-asuntos-sociales-pide-una-nueva-legislacion-europea-sobre-salud-mental-en-el-trabajo-en-flash-informativo-del-parlamento-europeo-4-de-septiembre-de-2026","status":"publish","type":"post","link":"https:\/\/radio.umh.es\/en\/2026\/09\/04\/la-comision-de-empleo-y-asuntos-sociales-pide-una-nueva-legislacion-europea-sobre-salud-mental-en-el-trabajo-en-flash-informativo-del-parlamento-europeo-4-de-septiembre-de-2026\/","title":{"rendered":"<span lang=\"es\">(Espa\u00f1ol) La Comisi\u00f3n de Empleo y Asuntos Sociales pide una nueva legislaci\u00f3n europea sobre salud mental en el trabajo, en \u00abFlash Informativo del Parlamento Europeo\u00bb, 4 de septiembre de 2026<\/span>"},"content":{"rendered":"<p class=\"qtranxs-available-languages-message qtranxs-available-languages-message-en\">Sorry, this entry is only available in <a href=\"https:\/\/radio.umh.es\/es\/wp-json\/wp\/v2\/posts\/117222\" class=\"qtranxs-available-language-link qtranxs-available-language-link-es\" title=\"Espa\u00f1ol\">European Spanish<\/a>.<\/p>","protected":false},"excerpt":{"rendered":"<p>Sorry, this entry is only available in European Spanish.<\/p>\n","protected":false},"author":32529,"featured_media":0,"comment_status":"closed","ping_status":"open","sticky":false,"template":"","format":"standard","meta":{"ngg_post_thumbnail":0,"_links_to":"","_links_to_target":""},"categories":[1523432],"tags":[],"publishpress_future_action":{"enabled":false,"date":"1970-01-01 01:00:00","action":"","terms":[],"taxonomy":"","browser_timezone_offset":0},"_links":{"self":[{"href":"https:\/\/radio.umh.es\/en\/wp-json\/wp\/v2\/posts\/117222"}],"collection":[{"href":"https:\/\/radio.umh.es\/en\/wp-json\/wp\/v2\/posts"}],"about":[{"href":"https:\/\/radio.umh.es\/en\/wp-json\/wp\/v2\/types\/post"}],"author":[{"embeddable":true,"href":"https:\/\/radio.umh.es\/en\/wp-json\/wp\/v2\/users\/32529"}],"replies":[{"embeddable":true,"href":"https:\/\/radio.umh.es\/en\/wp-json\/wp\/v2\/comments?post=117222"}],"version-history":[{"count":0,"href":"https:\/\/radio.umh.es\/en\/wp-json\/wp\/v2\/posts\/117222\/revisions"}],"wp:attachment":[{"href":"https:\/\/radio.umh.es\/en\/wp-json\/wp\/v2\/media?parent=117222"}],"wp:term":[{"taxonomy":"category","embeddable":true,"href":"https:\/\/radio.umh.es\/en\/wp-json\/wp\/v2\/categories?post=117222"},{"taxonomy":"post_tag","embeddable":true,"href":"https:\/\/radio.umh.es\/en\/wp-json\/wp\/v2\/tags?post=117222"}],"curies":[{"name":"wp","href":"https:\/\/api.w.org\/{rel}","templated":true}]}}