{"id":17290,"date":"2016-12-19T12:05:46","date_gmt":"2016-12-19T11:05:46","guid":{"rendered":"http:\/\/radio.umh.es\/?p=17290"},"modified":"2016-12-07T18:05:26","modified_gmt":"2016-12-07T17:05:26","slug":"jose-tomas-pastor-perez-del-centro-de-fpa-merce-rodoreda-de-elche-en-accion-en-las-aulas-19-de-diciembre-de-2016","status":"publish","type":"post","link":"https:\/\/radio.umh.es\/en\/2016\/12\/19\/jose-tomas-pastor-perez-del-centro-de-fpa-merce-rodoreda-de-elche-en-accion-en-las-aulas-19-de-diciembre-de-2016\/","title":{"rendered":"<span lang=\"es\">(Espa\u00f1ol) Jos\u00e9 Tom\u00e1s Pastor P\u00e9rez del Centro de FPA Merc\u00e8 Rodoreda de Elche en Acci\u00f3n en las aulas, 19 de diciembre de 2016<\/span>"},"content":{"rendered":"<p class=\"qtranxs-available-languages-message qtranxs-available-languages-message-en\">Sorry, this entry is only available in <a href=\"https:\/\/radio.umh.es\/es\/wp-json\/wp\/v2\/posts\/17290\" class=\"qtranxs-available-language-link qtranxs-available-language-link-es\" title=\"Espa\u00f1ol\">European Spanish<\/a>.<\/p>","protected":false},"excerpt":{"rendered":"<p>Sorry, this entry is only available in European Spanish.<\/p>\n","protected":false},"author":3626,"featured_media":0,"comment_status":"closed","ping_status":"open","sticky":false,"template":"","format":"standard","meta":{"ngg_post_thumbnail":0,"_links_to":"","_links_to_target":""},"categories":[56527],"tags":[],"publishpress_future_action":{"enabled":false,"date":"1970-01-01 01:00:00","action":"","terms":[],"taxonomy":"","browser_timezone_offset":0},"_links":{"self":[{"href":"https:\/\/radio.umh.es\/en\/wp-json\/wp\/v2\/posts\/17290"}],"collection":[{"href":"https:\/\/radio.umh.es\/en\/wp-json\/wp\/v2\/posts"}],"about":[{"href":"https:\/\/radio.umh.es\/en\/wp-json\/wp\/v2\/types\/post"}],"author":[{"embeddable":true,"href":"https:\/\/radio.umh.es\/en\/wp-json\/wp\/v2\/users\/3626"}],"replies":[{"embeddable":true,"href":"https:\/\/radio.umh.es\/en\/wp-json\/wp\/v2\/comments?post=17290"}],"version-history":[{"count":0,"href":"https:\/\/radio.umh.es\/en\/wp-json\/wp\/v2\/posts\/17290\/revisions"}],"wp:attachment":[{"href":"https:\/\/radio.umh.es\/en\/wp-json\/wp\/v2\/media?parent=17290"}],"wp:term":[{"taxonomy":"category","embeddable":true,"href":"https:\/\/radio.umh.es\/en\/wp-json\/wp\/v2\/categories?post=17290"},{"taxonomy":"post_tag","embeddable":true,"href":"https:\/\/radio.umh.es\/en\/wp-json\/wp\/v2\/tags?post=17290"}],"curies":[{"name":"wp","href":"https:\/\/api.w.org\/{rel}","templated":true}]}}