{"id":17506,"date":"2016-12-22T14:15:23","date_gmt":"2016-12-22T13:15:23","guid":{"rendered":"http:\/\/radio.umh.es\/?p=17506"},"modified":"2016-12-22T15:25:08","modified_gmt":"2016-12-22T14:25:08","slug":"el-director-de-la-catedra-de-estudios-artisticos-anneta-nicoli-daniel-pablo-tejero-en-informativos-umh-22-de-diciembre-de-2016","status":"publish","type":"post","link":"https:\/\/radio.umh.es\/en\/2016\/12\/22\/el-director-de-la-catedra-de-estudios-artisticos-anneta-nicoli-daniel-pablo-tejero-en-informativos-umh-22-de-diciembre-de-2016\/","title":{"rendered":"<span lang=\"es\">(Espa\u00f1ol) El director de la C\u00e1tedra de Estudios Art\u00edsticos &#8220;Anneta Nicoli&#8221;, Daniel Pablo Tejero, en Informativos UMH, 22 de diciembre de 2016<\/span>"},"content":{"rendered":"<p class=\"qtranxs-available-languages-message qtranxs-available-languages-message-en\">Sorry, this entry is only available in <a href=\"https:\/\/radio.umh.es\/es\/wp-json\/wp\/v2\/posts\/17506\" class=\"qtranxs-available-language-link qtranxs-available-language-link-es\" title=\"Espa\u00f1ol\">European Spanish<\/a>.<\/p>","protected":false},"excerpt":{"rendered":"<p>Sorry, this entry is only available in European Spanish.<\/p>\n","protected":false},"author":3488,"featured_media":0,"comment_status":"closed","ping_status":"open","sticky":false,"template":"","format":"standard","meta":{"ngg_post_thumbnail":0,"_links_to":"","_links_to_target":""},"categories":[3878,3672],"tags":[],"publishpress_future_action":{"enabled":false,"date":"1970-01-01 01:00:00","action":"","terms":[],"taxonomy":"","browser_timezone_offset":0},"_links":{"self":[{"href":"https:\/\/radio.umh.es\/en\/wp-json\/wp\/v2\/posts\/17506"}],"collection":[{"href":"https:\/\/radio.umh.es\/en\/wp-json\/wp\/v2\/posts"}],"about":[{"href":"https:\/\/radio.umh.es\/en\/wp-json\/wp\/v2\/types\/post"}],"author":[{"embeddable":true,"href":"https:\/\/radio.umh.es\/en\/wp-json\/wp\/v2\/users\/3488"}],"replies":[{"embeddable":true,"href":"https:\/\/radio.umh.es\/en\/wp-json\/wp\/v2\/comments?post=17506"}],"version-history":[{"count":0,"href":"https:\/\/radio.umh.es\/en\/wp-json\/wp\/v2\/posts\/17506\/revisions"}],"wp:attachment":[{"href":"https:\/\/radio.umh.es\/en\/wp-json\/wp\/v2\/media?parent=17506"}],"wp:term":[{"taxonomy":"category","embeddable":true,"href":"https:\/\/radio.umh.es\/en\/wp-json\/wp\/v2\/categories?post=17506"},{"taxonomy":"post_tag","embeddable":true,"href":"https:\/\/radio.umh.es\/en\/wp-json\/wp\/v2\/tags?post=17506"}],"curies":[{"name":"wp","href":"https:\/\/api.w.org\/{rel}","templated":true}]}}