{"id":24026,"date":"2017-11-14T14:05:33","date_gmt":"2017-11-14T13:05:33","guid":{"rendered":"http:\/\/radio.umh.es\/?p=24026"},"modified":"2018-01-25T08:27:54","modified_gmt":"2018-01-25T07:27:54","slug":"chico-malo-nos-deleita-con-un-acustico-en-directo-gimnastica-nos-habla-de-sus-proximos-trabajos-y-vanesa-martin-artista-del-ano-en-lo-notas-14-de-noviembre-de-2017","status":"publish","type":"post","link":"https:\/\/radio.umh.es\/en\/2017\/11\/14\/chico-malo-nos-deleita-con-un-acustico-en-directo-gimnastica-nos-habla-de-sus-proximos-trabajos-y-vanesa-martin-artista-del-ano-en-lo-notas-14-de-noviembre-de-2017\/","title":{"rendered":"<span lang=\"es\">(Espa\u00f1ol) Chico Malo nos deleita con un ac\u00fastico en directo, Gimn\u00e1stica nos habla de sus pr\u00f3ximos trabajos y Vanesa Mart\u00edn artista del a\u00f1o, en &#8220;Lo Notas&#8221; 3&#215;04, 14 de noviembre de 2017<\/span>"},"content":{"rendered":"<p class=\"qtranxs-available-languages-message qtranxs-available-languages-message-en\">Sorry, this entry is only available in <a href=\"https:\/\/radio.umh.es\/es\/wp-json\/wp\/v2\/posts\/24026\" class=\"qtranxs-available-language-link qtranxs-available-language-link-es\" title=\"Espa\u00f1ol\">European Spanish<\/a>.<\/p>","protected":false},"excerpt":{"rendered":"<p>Sorry, this entry is only available in European Spanish.<\/p>\n","protected":false},"author":3926,"featured_media":0,"comment_status":"closed","ping_status":"open","sticky":false,"template":"","format":"standard","meta":{"ngg_post_thumbnail":0,"_links_to":"","_links_to_target":""},"categories":[58222],"tags":[],"publishpress_future_action":{"enabled":false,"date":"1970-01-01 01:00:00","action":"","terms":[],"taxonomy":"","browser_timezone_offset":0},"_links":{"self":[{"href":"https:\/\/radio.umh.es\/en\/wp-json\/wp\/v2\/posts\/24026"}],"collection":[{"href":"https:\/\/radio.umh.es\/en\/wp-json\/wp\/v2\/posts"}],"about":[{"href":"https:\/\/radio.umh.es\/en\/wp-json\/wp\/v2\/types\/post"}],"author":[{"embeddable":true,"href":"https:\/\/radio.umh.es\/en\/wp-json\/wp\/v2\/users\/3926"}],"replies":[{"embeddable":true,"href":"https:\/\/radio.umh.es\/en\/wp-json\/wp\/v2\/comments?post=24026"}],"version-history":[{"count":0,"href":"https:\/\/radio.umh.es\/en\/wp-json\/wp\/v2\/posts\/24026\/revisions"}],"wp:attachment":[{"href":"https:\/\/radio.umh.es\/en\/wp-json\/wp\/v2\/media?parent=24026"}],"wp:term":[{"taxonomy":"category","embeddable":true,"href":"https:\/\/radio.umh.es\/en\/wp-json\/wp\/v2\/categories?post=24026"},{"taxonomy":"post_tag","embeddable":true,"href":"https:\/\/radio.umh.es\/en\/wp-json\/wp\/v2\/tags?post=24026"}],"curies":[{"name":"wp","href":"https:\/\/api.w.org\/{rel}","templated":true}]}}