{"id":26438,"date":"2017-12-18T12:05:03","date_gmt":"2017-12-18T11:05:03","guid":{"rendered":"http:\/\/radio.umh.es\/?p=26438"},"modified":"2017-12-19T12:17:33","modified_gmt":"2017-12-19T11:17:33","slug":"entrevista-a-la-vicerrectora-de-de-innovacion-en-la-umhen-accion-en-las-aulas-18-de-diciembre-de-2017","status":"publish","type":"post","link":"https:\/\/radio.umh.es\/en\/2017\/12\/18\/entrevista-a-la-vicerrectora-de-de-innovacion-en-la-umhen-accion-en-las-aulas-18-de-diciembre-de-2017\/","title":{"rendered":"<span lang=\"es\">(Espa\u00f1ol) Los proyectos de \u00d3smosis, los PIEU y la formaci\u00f3n para los PDIS, en &#8220;Acci\u00f3n en las Aulas&#8221;, 18 de diciembre de 2017<\/span>"},"content":{"rendered":"<p class=\"qtranxs-available-languages-message qtranxs-available-languages-message-en\">Sorry, this entry is only available in <a href=\"https:\/\/radio.umh.es\/es\/wp-json\/wp\/v2\/posts\/26438\" class=\"qtranxs-available-language-link qtranxs-available-language-link-es\" title=\"Espa\u00f1ol\">European Spanish<\/a>.<\/p>","protected":false},"excerpt":{"rendered":"<p>Sorry, this entry is only available in European Spanish.<\/p>\n","protected":false},"author":3920,"featured_media":0,"comment_status":"closed","ping_status":"open","sticky":false,"template":"","format":"standard","meta":{"ngg_post_thumbnail":0,"_links_to":"","_links_to_target":""},"categories":[56527],"tags":[67337,27137,67334,56505],"publishpress_future_action":{"enabled":false,"date":"1970-01-01 01:00:00","action":"","terms":[],"taxonomy":"","browser_timezone_offset":0},"_links":{"self":[{"href":"https:\/\/radio.umh.es\/en\/wp-json\/wp\/v2\/posts\/26438"}],"collection":[{"href":"https:\/\/radio.umh.es\/en\/wp-json\/wp\/v2\/posts"}],"about":[{"href":"https:\/\/radio.umh.es\/en\/wp-json\/wp\/v2\/types\/post"}],"author":[{"embeddable":true,"href":"https:\/\/radio.umh.es\/en\/wp-json\/wp\/v2\/users\/3920"}],"replies":[{"embeddable":true,"href":"https:\/\/radio.umh.es\/en\/wp-json\/wp\/v2\/comments?post=26438"}],"version-history":[{"count":0,"href":"https:\/\/radio.umh.es\/en\/wp-json\/wp\/v2\/posts\/26438\/revisions"}],"wp:attachment":[{"href":"https:\/\/radio.umh.es\/en\/wp-json\/wp\/v2\/media?parent=26438"}],"wp:term":[{"taxonomy":"category","embeddable":true,"href":"https:\/\/radio.umh.es\/en\/wp-json\/wp\/v2\/categories?post=26438"},{"taxonomy":"post_tag","embeddable":true,"href":"https:\/\/radio.umh.es\/en\/wp-json\/wp\/v2\/tags?post=26438"}],"curies":[{"name":"wp","href":"https:\/\/api.w.org\/{rel}","templated":true}]}}