{"id":27515,"date":"2018-01-24T14:30:36","date_gmt":"2018-01-24T13:30:36","guid":{"rendered":"http:\/\/radio.umh.es\/?p=27515"},"modified":"2018-01-25T09:55:37","modified_gmt":"2018-01-25T08:55:37","slug":"radio-umh-emite-un-reportaje-especial-para-conmemorar-el-dia-del-periodista-en-espana-24-de-enero-de-2018","status":"publish","type":"post","link":"https:\/\/radio.umh.es\/en\/2018\/01\/24\/radio-umh-emite-un-reportaje-especial-para-conmemorar-el-dia-del-periodista-en-espana-24-de-enero-de-2018\/","title":{"rendered":"<span lang=\"es\">(Espa\u00f1ol) Radio UMH emite un reportaje especial para conmemorar el D\u00eda del Periodista en Espa\u00f1a, 24 de enero de 2018<\/span>"},"content":{"rendered":"<p class=\"qtranxs-available-languages-message qtranxs-available-languages-message-en\">Sorry, this entry is only available in <a href=\"https:\/\/radio.umh.es\/es\/wp-json\/wp\/v2\/posts\/27515\" class=\"qtranxs-available-language-link qtranxs-available-language-link-es\" title=\"Espa\u00f1ol\">European Spanish<\/a>.<\/p>","protected":false},"excerpt":{"rendered":"<p>Sorry, this entry is only available in European Spanish.<\/p>\n","protected":false},"author":3201,"featured_media":0,"comment_status":"closed","ping_status":"open","sticky":false,"template":"","format":"standard","meta":{"ngg_post_thumbnail":0,"_links_to":"","_links_to_target":""},"categories":[766],"tags":[54989,1693,67844,30862,67841,55111,48608,67838],"publishpress_future_action":{"enabled":false,"date":"1970-01-01 01:00:00","action":"","terms":[],"taxonomy":"","browser_timezone_offset":0},"_links":{"self":[{"href":"https:\/\/radio.umh.es\/en\/wp-json\/wp\/v2\/posts\/27515"}],"collection":[{"href":"https:\/\/radio.umh.es\/en\/wp-json\/wp\/v2\/posts"}],"about":[{"href":"https:\/\/radio.umh.es\/en\/wp-json\/wp\/v2\/types\/post"}],"author":[{"embeddable":true,"href":"https:\/\/radio.umh.es\/en\/wp-json\/wp\/v2\/users\/3201"}],"replies":[{"embeddable":true,"href":"https:\/\/radio.umh.es\/en\/wp-json\/wp\/v2\/comments?post=27515"}],"version-history":[{"count":0,"href":"https:\/\/radio.umh.es\/en\/wp-json\/wp\/v2\/posts\/27515\/revisions"}],"wp:attachment":[{"href":"https:\/\/radio.umh.es\/en\/wp-json\/wp\/v2\/media?parent=27515"}],"wp:term":[{"taxonomy":"category","embeddable":true,"href":"https:\/\/radio.umh.es\/en\/wp-json\/wp\/v2\/categories?post=27515"},{"taxonomy":"post_tag","embeddable":true,"href":"https:\/\/radio.umh.es\/en\/wp-json\/wp\/v2\/tags?post=27515"}],"curies":[{"name":"wp","href":"https:\/\/api.w.org\/{rel}","templated":true}]}}