{"id":28193,"date":"2018-02-09T14:35:07","date_gmt":"2018-02-09T13:35:07","guid":{"rendered":"http:\/\/radio.umh.es\/?p=28193"},"modified":"2018-02-12T12:13:57","modified_gmt":"2018-02-12T11:13:57","slug":"san-valentin-anecdotas-aterradoras-y-mucho-mas-en-lo-mejor-de-la-semana-de-radio-umh-9-de-diciembre-de-2018","status":"publish","type":"post","link":"https:\/\/radio.umh.es\/en\/2018\/02\/09\/san-valentin-anecdotas-aterradoras-y-mucho-mas-en-lo-mejor-de-la-semana-de-radio-umh-9-de-diciembre-de-2018\/","title":{"rendered":"<span lang=\"es\">(Espa\u00f1ol) San Valent\u00edn, an\u00e9cdotas aterradoras y mucho m\u00e1s, en &#8220;Lo Mejor de la Semana de Radio UMH&#8221;, 9 de febrero de 2018<\/span>"},"content":{"rendered":"<p class=\"qtranxs-available-languages-message qtranxs-available-languages-message-en\">Sorry, this entry is only available in <a href=\"https:\/\/radio.umh.es\/es\/wp-json\/wp\/v2\/posts\/28193\" class=\"qtranxs-available-language-link qtranxs-available-language-link-es\" title=\"Espa\u00f1ol\">European Spanish<\/a>.<\/p>","protected":false},"excerpt":{"rendered":"<p>Sorry, this entry is only available in European Spanish.<\/p>\n","protected":false},"author":3929,"featured_media":0,"comment_status":"closed","ping_status":"open","sticky":false,"template":"","format":"standard","meta":{"ngg_post_thumbnail":0,"_links_to":"","_links_to_target":""},"categories":[65999],"tags":[66047,29387,68099,181,55041],"publishpress_future_action":{"enabled":false,"date":"1970-01-01 01:00:00","action":"","terms":[],"taxonomy":"","browser_timezone_offset":0},"_links":{"self":[{"href":"https:\/\/radio.umh.es\/en\/wp-json\/wp\/v2\/posts\/28193"}],"collection":[{"href":"https:\/\/radio.umh.es\/en\/wp-json\/wp\/v2\/posts"}],"about":[{"href":"https:\/\/radio.umh.es\/en\/wp-json\/wp\/v2\/types\/post"}],"author":[{"embeddable":true,"href":"https:\/\/radio.umh.es\/en\/wp-json\/wp\/v2\/users\/3929"}],"replies":[{"embeddable":true,"href":"https:\/\/radio.umh.es\/en\/wp-json\/wp\/v2\/comments?post=28193"}],"version-history":[{"count":0,"href":"https:\/\/radio.umh.es\/en\/wp-json\/wp\/v2\/posts\/28193\/revisions"}],"wp:attachment":[{"href":"https:\/\/radio.umh.es\/en\/wp-json\/wp\/v2\/media?parent=28193"}],"wp:term":[{"taxonomy":"category","embeddable":true,"href":"https:\/\/radio.umh.es\/en\/wp-json\/wp\/v2\/categories?post=28193"},{"taxonomy":"post_tag","embeddable":true,"href":"https:\/\/radio.umh.es\/en\/wp-json\/wp\/v2\/tags?post=28193"}],"curies":[{"name":"wp","href":"https:\/\/api.w.org\/{rel}","templated":true}]}}