{"id":28445,"date":"2018-02-13T10:05:14","date_gmt":"2018-02-13T09:05:14","guid":{"rendered":"http:\/\/radio.umh.es\/?p=28445"},"modified":"2018-02-13T12:09:46","modified_gmt":"2018-02-13T11:09:46","slug":"radio-umh-celebra-el-dia-mundial-de-la-radio-en-subete-a-la-radio-umh-13-de-febrero-de-2018","status":"publish","type":"post","link":"https:\/\/radio.umh.es\/en\/2018\/02\/13\/radio-umh-celebra-el-dia-mundial-de-la-radio-en-subete-a-la-radio-umh-13-de-febrero-de-2018\/","title":{"rendered":"<span lang=\"es\">(Espa\u00f1ol) Radio UMH celebra el D\u00eda Mundial de la Radio, en &#8220;S\u00fabete a la Radio UMH&#8221;, 13 de febrero de 2018<\/span>"},"content":{"rendered":"<p class=\"qtranxs-available-languages-message qtranxs-available-languages-message-en\">Sorry, this entry is only available in <a href=\"https:\/\/radio.umh.es\/es\/wp-json\/wp\/v2\/posts\/28445\" class=\"qtranxs-available-language-link qtranxs-available-language-link-es\" title=\"Espa\u00f1ol\">European Spanish<\/a>.<\/p>","protected":false},"excerpt":{"rendered":"<p>Sorry, this entry is only available in European Spanish.<\/p>\n","protected":false},"author":3929,"featured_media":0,"comment_status":"closed","ping_status":"open","sticky":false,"template":"","format":"standard","meta":{"ngg_post_thumbnail":0,"_links_to":"","_links_to_target":""},"categories":[66053],"tags":[964,43199,68180,28903,38802,66053,55107],"publishpress_future_action":{"enabled":false,"date":"1970-01-01 01:00:00","action":"","terms":[],"taxonomy":"","browser_timezone_offset":0},"_links":{"self":[{"href":"https:\/\/radio.umh.es\/en\/wp-json\/wp\/v2\/posts\/28445"}],"collection":[{"href":"https:\/\/radio.umh.es\/en\/wp-json\/wp\/v2\/posts"}],"about":[{"href":"https:\/\/radio.umh.es\/en\/wp-json\/wp\/v2\/types\/post"}],"author":[{"embeddable":true,"href":"https:\/\/radio.umh.es\/en\/wp-json\/wp\/v2\/users\/3929"}],"replies":[{"embeddable":true,"href":"https:\/\/radio.umh.es\/en\/wp-json\/wp\/v2\/comments?post=28445"}],"version-history":[{"count":0,"href":"https:\/\/radio.umh.es\/en\/wp-json\/wp\/v2\/posts\/28445\/revisions"}],"wp:attachment":[{"href":"https:\/\/radio.umh.es\/en\/wp-json\/wp\/v2\/media?parent=28445"}],"wp:term":[{"taxonomy":"category","embeddable":true,"href":"https:\/\/radio.umh.es\/en\/wp-json\/wp\/v2\/categories?post=28445"},{"taxonomy":"post_tag","embeddable":true,"href":"https:\/\/radio.umh.es\/en\/wp-json\/wp\/v2\/tags?post=28445"}],"curies":[{"name":"wp","href":"https:\/\/api.w.org\/{rel}","templated":true}]}}