{"id":28535,"date":"2018-02-16T15:05:56","date_gmt":"2018-02-16T14:05:56","guid":{"rendered":"http:\/\/radio.umh.es\/?p=28535"},"modified":"2018-02-16T08:46:52","modified_gmt":"2018-02-16T07:46:52","slug":"la-creacion-de-la-catedra-institucional-de-rock-musica-moderna-y-nuevas-tendencias-en-informativos-aru-16-de-febrero-de-2018","status":"publish","type":"post","link":"https:\/\/radio.umh.es\/en\/2018\/02\/16\/la-creacion-de-la-catedra-institucional-de-rock-musica-moderna-y-nuevas-tendencias-en-informativos-aru-16-de-febrero-de-2018\/","title":{"rendered":"<span lang=\"es\">(Espa\u00f1ol) La creaci\u00f3n de la C\u00e1tedra Institucional de Rock, M\u00fasica Moderna y Nuevas Tendencias, en \u201cInformativos ARU\u201d, 16 de febrero de 2018<\/span>"},"content":{"rendered":"<p class=\"qtranxs-available-languages-message qtranxs-available-languages-message-en\">Sorry, this entry is only available in <a href=\"https:\/\/radio.umh.es\/es\/wp-json\/wp\/v2\/posts\/28535\" class=\"qtranxs-available-language-link qtranxs-available-language-link-es\" title=\"Espa\u00f1ol\">European Spanish<\/a>.<\/p>","protected":false},"excerpt":{"rendered":"<p>Sorry, this entry is only available in European Spanish.<\/p>\n","protected":false},"author":3929,"featured_media":0,"comment_status":"closed","ping_status":"open","sticky":false,"template":"","format":"standard","meta":{"ngg_post_thumbnail":0,"_links_to":"","_links_to_target":""},"categories":[4289],"tags":[68195,68189,55019,68192,55107],"publishpress_future_action":{"enabled":false,"date":"1970-01-01 01:00:00","action":"","terms":[],"taxonomy":"","browser_timezone_offset":0},"_links":{"self":[{"href":"https:\/\/radio.umh.es\/en\/wp-json\/wp\/v2\/posts\/28535"}],"collection":[{"href":"https:\/\/radio.umh.es\/en\/wp-json\/wp\/v2\/posts"}],"about":[{"href":"https:\/\/radio.umh.es\/en\/wp-json\/wp\/v2\/types\/post"}],"author":[{"embeddable":true,"href":"https:\/\/radio.umh.es\/en\/wp-json\/wp\/v2\/users\/3929"}],"replies":[{"embeddable":true,"href":"https:\/\/radio.umh.es\/en\/wp-json\/wp\/v2\/comments?post=28535"}],"version-history":[{"count":0,"href":"https:\/\/radio.umh.es\/en\/wp-json\/wp\/v2\/posts\/28535\/revisions"}],"wp:attachment":[{"href":"https:\/\/radio.umh.es\/en\/wp-json\/wp\/v2\/media?parent=28535"}],"wp:term":[{"taxonomy":"category","embeddable":true,"href":"https:\/\/radio.umh.es\/en\/wp-json\/wp\/v2\/categories?post=28535"},{"taxonomy":"post_tag","embeddable":true,"href":"https:\/\/radio.umh.es\/en\/wp-json\/wp\/v2\/tags?post=28535"}],"curies":[{"name":"wp","href":"https:\/\/api.w.org\/{rel}","templated":true}]}}