{"id":31154,"date":"2018-03-20T09:13:24","date_gmt":"2018-03-20T08:13:24","guid":{"rendered":"http:\/\/radio.umh.es\/?p=31154"},"modified":"2018-03-20T10:37:47","modified_gmt":"2018-03-20T09:37:47","slug":"amanecemos-en-el-ies-san-juan-de-la-cruz-de-caravaca-de-la-cruz-ana-martinez-deleita-al-piano-y-reconocemos-que-no-hemos-regalado-nada-en-el-dia-del-padre-en-despierta-umh-2x26-20-de-marzo-de-2","status":"publish","type":"post","link":"https:\/\/radio.umh.es\/en\/2018\/03\/20\/amanecemos-en-el-ies-san-juan-de-la-cruz-de-caravaca-de-la-cruz-ana-martinez-deleita-al-piano-y-reconocemos-que-no-hemos-regalado-nada-en-el-dia-del-padre-en-despierta-umh-2x26-20-de-marzo-de-2\/","title":{"rendered":"<span lang=\"es\">(Espa\u00f1ol) Amanecemos en el IES San Juan de la Cruz de Caravaca de la Cruz, Ana Mart\u00ednez deleita al viol\u00edn y reconocemos que no hemos regalado nada en el D\u00eda del Padre, en &#8220;Despierta UMH&#8221; 2&#215;26, 20 de marzo de 2018<\/span>"},"content":{"rendered":"<p class=\"qtranxs-available-languages-message qtranxs-available-languages-message-en\">Sorry, this entry is only available in <a href=\"https:\/\/radio.umh.es\/es\/wp-json\/wp\/v2\/posts\/31154\" class=\"qtranxs-available-language-link qtranxs-available-language-link-es\" title=\"Espa\u00f1ol\">European Spanish<\/a>.<\/p>","protected":false},"excerpt":{"rendered":"<p>Sorry, this entry is only available in European Spanish.<\/p>\n","protected":false},"author":3923,"featured_media":0,"comment_status":"closed","ping_status":"open","sticky":false,"template":"","format":"standard","meta":{"ngg_post_thumbnail":0,"_links_to":"","_links_to_target":""},"categories":[66047],"tags":[51227,66047,2278,69047,69338,181,391],"publishpress_future_action":{"enabled":false,"date":"1970-01-01 01:00:00","action":"","terms":[],"taxonomy":"","browser_timezone_offset":0},"_links":{"self":[{"href":"https:\/\/radio.umh.es\/en\/wp-json\/wp\/v2\/posts\/31154"}],"collection":[{"href":"https:\/\/radio.umh.es\/en\/wp-json\/wp\/v2\/posts"}],"about":[{"href":"https:\/\/radio.umh.es\/en\/wp-json\/wp\/v2\/types\/post"}],"author":[{"embeddable":true,"href":"https:\/\/radio.umh.es\/en\/wp-json\/wp\/v2\/users\/3923"}],"replies":[{"embeddable":true,"href":"https:\/\/radio.umh.es\/en\/wp-json\/wp\/v2\/comments?post=31154"}],"version-history":[{"count":0,"href":"https:\/\/radio.umh.es\/en\/wp-json\/wp\/v2\/posts\/31154\/revisions"}],"wp:attachment":[{"href":"https:\/\/radio.umh.es\/en\/wp-json\/wp\/v2\/media?parent=31154"}],"wp:term":[{"taxonomy":"category","embeddable":true,"href":"https:\/\/radio.umh.es\/en\/wp-json\/wp\/v2\/categories?post=31154"},{"taxonomy":"post_tag","embeddable":true,"href":"https:\/\/radio.umh.es\/en\/wp-json\/wp\/v2\/tags?post=31154"}],"curies":[{"name":"wp","href":"https:\/\/api.w.org\/{rel}","templated":true}]}}