{"id":33224,"date":"2018-05-08T11:05:34","date_gmt":"2018-05-08T09:05:34","guid":{"rendered":"http:\/\/radio.umh.es\/?p=33224"},"modified":"2018-04-30T08:14:15","modified_gmt":"2018-04-30T06:14:15","slug":"conociendo-el-master-universitario-en-gestion-de-recursos-humanos-trabajo-y-organizaciones-en-talento-y-salud-8-de-mayo-de-2018","status":"publish","type":"post","link":"https:\/\/radio.umh.es\/en\/2018\/05\/08\/conociendo-el-master-universitario-en-gestion-de-recursos-humanos-trabajo-y-organizaciones-en-talento-y-salud-8-de-mayo-de-2018\/","title":{"rendered":"<span lang=\"es\">(Espa\u00f1ol) Conociendo el M\u00e1ster Universitario en Gesti\u00f3n de Recursos Humanos, Trabajo y Organizaciones, en &#8220;Talento y Salud&#8221;, 8 de mayo de 2018<\/span>"},"content":{"rendered":"<p class=\"qtranxs-available-languages-message qtranxs-available-languages-message-en\">Sorry, this entry is only available in <a href=\"https:\/\/radio.umh.es\/es\/wp-json\/wp\/v2\/posts\/33224\" class=\"qtranxs-available-language-link qtranxs-available-language-link-es\" title=\"Espa\u00f1ol\">European Spanish<\/a>.<\/p>","protected":false},"excerpt":{"rendered":"<p>Sorry, this entry is only available in European Spanish.<\/p>\n","protected":false},"author":3920,"featured_media":0,"comment_status":"closed","ping_status":"open","sticky":false,"template":"","format":"standard","meta":{"ngg_post_thumbnail":0,"_links_to":"","_links_to_target":""},"categories":[51005],"tags":[70472,51005,70475],"publishpress_future_action":{"enabled":false,"date":"1970-01-01 01:00:00","action":"","terms":[],"taxonomy":"","browser_timezone_offset":0},"_links":{"self":[{"href":"https:\/\/radio.umh.es\/en\/wp-json\/wp\/v2\/posts\/33224"}],"collection":[{"href":"https:\/\/radio.umh.es\/en\/wp-json\/wp\/v2\/posts"}],"about":[{"href":"https:\/\/radio.umh.es\/en\/wp-json\/wp\/v2\/types\/post"}],"author":[{"embeddable":true,"href":"https:\/\/radio.umh.es\/en\/wp-json\/wp\/v2\/users\/3920"}],"replies":[{"embeddable":true,"href":"https:\/\/radio.umh.es\/en\/wp-json\/wp\/v2\/comments?post=33224"}],"version-history":[{"count":0,"href":"https:\/\/radio.umh.es\/en\/wp-json\/wp\/v2\/posts\/33224\/revisions"}],"wp:attachment":[{"href":"https:\/\/radio.umh.es\/en\/wp-json\/wp\/v2\/media?parent=33224"}],"wp:term":[{"taxonomy":"category","embeddable":true,"href":"https:\/\/radio.umh.es\/en\/wp-json\/wp\/v2\/categories?post=33224"},{"taxonomy":"post_tag","embeddable":true,"href":"https:\/\/radio.umh.es\/en\/wp-json\/wp\/v2\/tags?post=33224"}],"curies":[{"name":"wp","href":"https:\/\/api.w.org\/{rel}","templated":true}]}}