{"id":33923,"date":"2018-05-09T18:35:41","date_gmt":"2018-05-09T16:35:41","guid":{"rendered":"http:\/\/radio.umh.es\/?p=33923"},"modified":"2018-05-10T15:13:21","modified_gmt":"2018-05-10T13:13:21","slug":"radio-umh-tambien-celebra-el-dia-de-europa-desde-la-casa-de-las-brujas-en-alicante9-de-mayo-de-2018","status":"publish","type":"post","link":"https:\/\/radio.umh.es\/en\/2018\/05\/09\/radio-umh-tambien-celebra-el-dia-de-europa-desde-la-casa-de-las-brujas-en-alicante9-de-mayo-de-2018\/","title":{"rendered":"<span lang=\"es\">(Espa\u00f1ol) Radio UMH tambi\u00e9n celebra el D\u00eda de Europa desde la Casa de las Brujas en Alicante, 9 de mayo de 2018.<\/span>"},"content":{"rendered":"<p class=\"qtranxs-available-languages-message qtranxs-available-languages-message-en\">Sorry, this entry is only available in <a href=\"https:\/\/radio.umh.es\/es\/wp-json\/wp\/v2\/posts\/33923\" class=\"qtranxs-available-language-link qtranxs-available-language-link-es\" title=\"Espa\u00f1ol\">European Spanish<\/a>.<\/p>","protected":false},"excerpt":{"rendered":"<p>Sorry, this entry is only available in European Spanish.<\/p>\n","protected":false},"author":3914,"featured_media":0,"comment_status":"closed","ping_status":"open","sticky":false,"template":"","format":"standard","meta":{"ngg_post_thumbnail":0,"_links_to":"","_links_to_target":""},"categories":[70910,631],"tags":[70868,70796,533,1263,697,41798],"publishpress_future_action":{"enabled":false,"date":"1970-01-01 01:00:00","action":"","terms":[],"taxonomy":"","browser_timezone_offset":0},"_links":{"self":[{"href":"https:\/\/radio.umh.es\/en\/wp-json\/wp\/v2\/posts\/33923"}],"collection":[{"href":"https:\/\/radio.umh.es\/en\/wp-json\/wp\/v2\/posts"}],"about":[{"href":"https:\/\/radio.umh.es\/en\/wp-json\/wp\/v2\/types\/post"}],"author":[{"embeddable":true,"href":"https:\/\/radio.umh.es\/en\/wp-json\/wp\/v2\/users\/3914"}],"replies":[{"embeddable":true,"href":"https:\/\/radio.umh.es\/en\/wp-json\/wp\/v2\/comments?post=33923"}],"version-history":[{"count":0,"href":"https:\/\/radio.umh.es\/en\/wp-json\/wp\/v2\/posts\/33923\/revisions"}],"wp:attachment":[{"href":"https:\/\/radio.umh.es\/en\/wp-json\/wp\/v2\/media?parent=33923"}],"wp:term":[{"taxonomy":"category","embeddable":true,"href":"https:\/\/radio.umh.es\/en\/wp-json\/wp\/v2\/categories?post=33923"},{"taxonomy":"post_tag","embeddable":true,"href":"https:\/\/radio.umh.es\/en\/wp-json\/wp\/v2\/tags?post=33923"}],"curies":[{"name":"wp","href":"https:\/\/api.w.org\/{rel}","templated":true}]}}