{"id":34322,"date":"2018-05-16T09:05:34","date_gmt":"2018-05-16T07:05:34","guid":{"rendered":"http:\/\/radio.umh.es\/?p=34322"},"modified":"2018-05-15T08:54:00","modified_gmt":"2018-05-15T06:54:00","slug":"debate-sobre-eurovision-llamamos-a-agustin-penalver-que-se-fue-a-lisboa-y-a-david-sala-que-es-todo-un-experto-en-despierta-umh-2x59-16-de-mayo-de-2018","status":"publish","type":"post","link":"https:\/\/radio.umh.es\/en\/2018\/05\/16\/debate-sobre-eurovision-llamamos-a-agustin-penalver-que-se-fue-a-lisboa-y-a-david-sala-que-es-todo-un-experto-en-despierta-umh-2x59-16-de-mayo-de-2018\/","title":{"rendered":"<span lang=\"es\">(Espa\u00f1ol) Debate sobre Eurovisi\u00f3n, llamamos a Agust\u00edn Pe\u00f1alver que se fue a Lisboa y a David Sala que es todo un experto, en &#8220;Despierta UMH&#8221; 2&#215;59, 16 de mayo de 2018<\/span>"},"content":{"rendered":"<p class=\"qtranxs-available-languages-message qtranxs-available-languages-message-en\">Sorry, this entry is only available in <a href=\"https:\/\/radio.umh.es\/es\/wp-json\/wp\/v2\/posts\/34322\" class=\"qtranxs-available-language-link qtranxs-available-language-link-es\" title=\"Espa\u00f1ol\">European Spanish<\/a>.<\/p>","protected":false},"excerpt":{"rendered":"<p>Sorry, this entry is only available in European Spanish.<\/p>\n","protected":false},"author":3923,"featured_media":0,"comment_status":"closed","ping_status":"open","sticky":false,"template":"","format":"standard","meta":{"ngg_post_thumbnail":0,"_links_to":"","_links_to_target":""},"categories":[66047],"tags":[66047,38839,181,71033,391],"publishpress_future_action":{"enabled":false,"date":"1970-01-01 01:00:00","action":"","terms":[],"taxonomy":"","browser_timezone_offset":0},"_links":{"self":[{"href":"https:\/\/radio.umh.es\/en\/wp-json\/wp\/v2\/posts\/34322"}],"collection":[{"href":"https:\/\/radio.umh.es\/en\/wp-json\/wp\/v2\/posts"}],"about":[{"href":"https:\/\/radio.umh.es\/en\/wp-json\/wp\/v2\/types\/post"}],"author":[{"embeddable":true,"href":"https:\/\/radio.umh.es\/en\/wp-json\/wp\/v2\/users\/3923"}],"replies":[{"embeddable":true,"href":"https:\/\/radio.umh.es\/en\/wp-json\/wp\/v2\/comments?post=34322"}],"version-history":[{"count":0,"href":"https:\/\/radio.umh.es\/en\/wp-json\/wp\/v2\/posts\/34322\/revisions"}],"wp:attachment":[{"href":"https:\/\/radio.umh.es\/en\/wp-json\/wp\/v2\/media?parent=34322"}],"wp:term":[{"taxonomy":"category","embeddable":true,"href":"https:\/\/radio.umh.es\/en\/wp-json\/wp\/v2\/categories?post=34322"},{"taxonomy":"post_tag","embeddable":true,"href":"https:\/\/radio.umh.es\/en\/wp-json\/wp\/v2\/tags?post=34322"}],"curies":[{"name":"wp","href":"https:\/\/api.w.org\/{rel}","templated":true}]}}