{"id":34859,"date":"2018-05-22T09:05:10","date_gmt":"2018-05-22T07:05:10","guid":{"rendered":"http:\/\/radio.umh.es\/?p=34859"},"modified":"2018-05-22T08:45:27","modified_gmt":"2018-05-22T06:45:27","slug":"un-avion-no-tan-invisible-la-historia-del-deporte-jamas-contada-y-tension-entre-ilicitanos-y-murcianos-en-despierta-umh-2x62-22-de-mayo-de-2018","status":"publish","type":"post","link":"https:\/\/radio.umh.es\/en\/2018\/05\/22\/un-avion-no-tan-invisible-la-historia-del-deporte-jamas-contada-y-tension-entre-ilicitanos-y-murcianos-en-despierta-umh-2x62-22-de-mayo-de-2018\/","title":{"rendered":"<span lang=\"es\">(Espa\u00f1ol) Un avi\u00f3n no tan invisible, la historia del deporte jam\u00e1s contada y tensi\u00f3n entre ilicitanos y murcianos, en &#8220;Despierta UMH&#8221; 2&#215;62, 22 de mayo de 2018<\/span>"},"content":{"rendered":"<p class=\"qtranxs-available-languages-message qtranxs-available-languages-message-en\">Sorry, this entry is only available in <a href=\"https:\/\/radio.umh.es\/es\/wp-json\/wp\/v2\/posts\/34859\" class=\"qtranxs-available-language-link qtranxs-available-language-link-es\" title=\"Espa\u00f1ol\">European Spanish<\/a>.<\/p>","protected":false},"excerpt":{"rendered":"<p>Sorry, this entry is only available in European Spanish.<\/p>\n","protected":false},"author":3923,"featured_media":0,"comment_status":"closed","ping_status":"open","sticky":false,"template":"","format":"standard","meta":{"ngg_post_thumbnail":0,"_links_to":"","_links_to_target":""},"categories":[66047],"tags":[66047,29341,88,181,391],"publishpress_future_action":{"enabled":false,"date":"1970-01-01 01:00:00","action":"","terms":[],"taxonomy":"","browser_timezone_offset":0},"_links":{"self":[{"href":"https:\/\/radio.umh.es\/en\/wp-json\/wp\/v2\/posts\/34859"}],"collection":[{"href":"https:\/\/radio.umh.es\/en\/wp-json\/wp\/v2\/posts"}],"about":[{"href":"https:\/\/radio.umh.es\/en\/wp-json\/wp\/v2\/types\/post"}],"author":[{"embeddable":true,"href":"https:\/\/radio.umh.es\/en\/wp-json\/wp\/v2\/users\/3923"}],"replies":[{"embeddable":true,"href":"https:\/\/radio.umh.es\/en\/wp-json\/wp\/v2\/comments?post=34859"}],"version-history":[{"count":0,"href":"https:\/\/radio.umh.es\/en\/wp-json\/wp\/v2\/posts\/34859\/revisions"}],"wp:attachment":[{"href":"https:\/\/radio.umh.es\/en\/wp-json\/wp\/v2\/media?parent=34859"}],"wp:term":[{"taxonomy":"category","embeddable":true,"href":"https:\/\/radio.umh.es\/en\/wp-json\/wp\/v2\/categories?post=34859"},{"taxonomy":"post_tag","embeddable":true,"href":"https:\/\/radio.umh.es\/en\/wp-json\/wp\/v2\/tags?post=34859"}],"curies":[{"name":"wp","href":"https:\/\/api.w.org\/{rel}","templated":true}]}}