{"id":39482,"date":"2018-11-02T14:35:16","date_gmt":"2018-11-02T13:35:16","guid":{"rendered":"https:\/\/radio.umh.es\/?p=39482"},"modified":"2020-07-13T10:27:40","modified_gmt":"2020-07-13T08:27:40","slug":"libertad-de-expresion-en-igualdad-constitucional-el-cambio-climatico-en-lo-notas-y-mucho-mas-en-lo-mejor-de-la-semana-de-radio-umh-2-de-noviembre-de-2018","status":"publish","type":"post","link":"https:\/\/radio.umh.es\/en\/2018\/11\/02\/libertad-de-expresion-en-igualdad-constitucional-el-cambio-climatico-en-lo-notas-y-mucho-mas-en-lo-mejor-de-la-semana-de-radio-umh-2-de-noviembre-de-2018\/","title":{"rendered":"<span lang=\"es\">(Espa\u00f1ol) Libertad de expresi\u00f3n en &#8220;Igualdad Constitucional&#8221;, el cambio clim\u00e1tico en &#8220;Lo Notas&#8221; y mucho m\u00e1s en &#8220;Lo Mejor De La Semana De Radio UMH&#8221;, 2 de noviembre de 2018<\/span>"},"content":{"rendered":"<p class=\"qtranxs-available-languages-message qtranxs-available-languages-message-en\">Sorry, this entry is only available in <a href=\"https:\/\/radio.umh.es\/es\/wp-json\/wp\/v2\/posts\/39482\" class=\"qtranxs-available-language-link qtranxs-available-language-link-es\" title=\"Espa\u00f1ol\">European Spanish<\/a>.<\/p>","protected":false},"excerpt":{"rendered":"<p>Sorry, this entry is only available in European Spanish.<\/p>\n","protected":false},"author":4439,"featured_media":0,"comment_status":"closed","ping_status":"open","sticky":false,"template":"","format":"standard","meta":{"ngg_post_thumbnail":0,"_links_to":"","_links_to_target":""},"categories":[65999],"tags":[65999,69947,1574,181,66098],"publishpress_future_action":{"enabled":false,"date":"1970-01-01 01:00:00","action":"","terms":[],"taxonomy":"","browser_timezone_offset":0},"_links":{"self":[{"href":"https:\/\/radio.umh.es\/en\/wp-json\/wp\/v2\/posts\/39482"}],"collection":[{"href":"https:\/\/radio.umh.es\/en\/wp-json\/wp\/v2\/posts"}],"about":[{"href":"https:\/\/radio.umh.es\/en\/wp-json\/wp\/v2\/types\/post"}],"author":[{"embeddable":true,"href":"https:\/\/radio.umh.es\/en\/wp-json\/wp\/v2\/users\/4439"}],"replies":[{"embeddable":true,"href":"https:\/\/radio.umh.es\/en\/wp-json\/wp\/v2\/comments?post=39482"}],"version-history":[{"count":0,"href":"https:\/\/radio.umh.es\/en\/wp-json\/wp\/v2\/posts\/39482\/revisions"}],"wp:attachment":[{"href":"https:\/\/radio.umh.es\/en\/wp-json\/wp\/v2\/media?parent=39482"}],"wp:term":[{"taxonomy":"category","embeddable":true,"href":"https:\/\/radio.umh.es\/en\/wp-json\/wp\/v2\/categories?post=39482"},{"taxonomy":"post_tag","embeddable":true,"href":"https:\/\/radio.umh.es\/en\/wp-json\/wp\/v2\/tags?post=39482"}],"curies":[{"name":"wp","href":"https:\/\/api.w.org\/{rel}","templated":true}]}}