{"id":39956,"date":"2018-11-09T14:35:36","date_gmt":"2018-11-09T13:35:36","guid":{"rendered":"http:\/\/radio.umh.es\/?p=39956"},"modified":"2018-11-20T11:33:13","modified_gmt":"2018-11-20T10:33:13","slug":"la-historia-de-atzavares-en-memoria-de-elche-libertad-de-expresion-en-igualdad-constitucional-y-mucho-mas-en-lo-mejor-de-la-semana-de-radio-umh-9-de-noviembre-de-2018","status":"publish","type":"post","link":"https:\/\/radio.umh.es\/en\/2018\/11\/09\/la-historia-de-atzavares-en-memoria-de-elche-libertad-de-expresion-en-igualdad-constitucional-y-mucho-mas-en-lo-mejor-de-la-semana-de-radio-umh-9-de-noviembre-de-2018\/","title":{"rendered":"<span lang=\"es\">(Espa\u00f1ol) La historia de Atzavares en &#8220;Memoria de Elche&#8221;, libertad de expresi\u00f3n en &#8220;Igualdad Constitucional&#8221; y mucho m\u00e1s en &#8220;Lo mejor de la semana de Radio UMH&#8221;, 9 de noviembre de 2018<\/span>"},"content":{"rendered":"<p class=\"qtranxs-available-languages-message qtranxs-available-languages-message-en\">Sorry, this entry is only available in <a href=\"https:\/\/radio.umh.es\/es\/wp-json\/wp\/v2\/posts\/39956\" class=\"qtranxs-available-language-link qtranxs-available-language-link-es\" title=\"Espa\u00f1ol\">European Spanish<\/a>.<\/p>","protected":false},"excerpt":{"rendered":"<p>Sorry, this entry is only available in European Spanish.<\/p>\n","protected":false},"author":4478,"featured_media":0,"comment_status":"closed","ping_status":"open","sticky":false,"template":"","format":"standard","meta":{"ngg_post_thumbnail":0,"_links_to":"","_links_to_target":""},"categories":[65999],"tags":[21593,4622,55112,44844,72605,539,45676,9324,38786,73154,73058,38817,73337,73334],"publishpress_future_action":{"enabled":false,"date":"1970-01-01 01:00:00","action":"","terms":[],"taxonomy":"","browser_timezone_offset":0},"_links":{"self":[{"href":"https:\/\/radio.umh.es\/en\/wp-json\/wp\/v2\/posts\/39956"}],"collection":[{"href":"https:\/\/radio.umh.es\/en\/wp-json\/wp\/v2\/posts"}],"about":[{"href":"https:\/\/radio.umh.es\/en\/wp-json\/wp\/v2\/types\/post"}],"author":[{"embeddable":true,"href":"https:\/\/radio.umh.es\/en\/wp-json\/wp\/v2\/users\/4478"}],"replies":[{"embeddable":true,"href":"https:\/\/radio.umh.es\/en\/wp-json\/wp\/v2\/comments?post=39956"}],"version-history":[{"count":0,"href":"https:\/\/radio.umh.es\/en\/wp-json\/wp\/v2\/posts\/39956\/revisions"}],"wp:attachment":[{"href":"https:\/\/radio.umh.es\/en\/wp-json\/wp\/v2\/media?parent=39956"}],"wp:term":[{"taxonomy":"category","embeddable":true,"href":"https:\/\/radio.umh.es\/en\/wp-json\/wp\/v2\/categories?post=39956"},{"taxonomy":"post_tag","embeddable":true,"href":"https:\/\/radio.umh.es\/en\/wp-json\/wp\/v2\/tags?post=39956"}],"curies":[{"name":"wp","href":"https:\/\/api.w.org\/{rel}","templated":true}]}}