{"id":43358,"date":"2019-01-21T15:35:36","date_gmt":"2019-01-21T14:35:36","guid":{"rendered":"http:\/\/radio.umh.es\/?p=43358"},"modified":"2018-12-21T16:56:21","modified_gmt":"2018-12-21T15:56:21","slug":"entrevista-a-la-asociacion-de-cancer-de-mama-metastasico-en-charlas-de-ciencia-21-de-enero-de-2019","status":"publish","type":"post","link":"https:\/\/radio.umh.es\/en\/2019\/01\/21\/entrevista-a-la-asociacion-de-cancer-de-mama-metastasico-en-charlas-de-ciencia-21-de-enero-de-2019\/","title":{"rendered":"<span lang=\"es\">(Espa\u00f1ol) Entrevista a la Asociaci\u00f3n de c\u00e1ncer de mama metast\u00e1sico, en &#8220;Charlas de ciencia&#8221;, 21 de enero de 2019<\/span>"},"content":{"rendered":"<p class=\"qtranxs-available-languages-message qtranxs-available-languages-message-en\">Sorry, this entry is only available in <a href=\"https:\/\/radio.umh.es\/es\/wp-json\/wp\/v2\/posts\/43358\" class=\"qtranxs-available-language-link qtranxs-available-language-link-es\" title=\"Espa\u00f1ol\">European Spanish<\/a>.<\/p>","protected":false},"excerpt":{"rendered":"<p>Sorry, this entry is only available in European Spanish.<\/p>\n","protected":false},"author":4307,"featured_media":0,"comment_status":"closed","ping_status":"open","sticky":false,"template":"","format":"standard","meta":{"ngg_post_thumbnail":0,"_links_to":"","_links_to_target":""},"categories":[72857],"tags":[74753,259,4640,3081,17925],"publishpress_future_action":{"enabled":false,"date":"1970-01-01 01:00:00","action":"","terms":[],"taxonomy":"","browser_timezone_offset":0},"_links":{"self":[{"href":"https:\/\/radio.umh.es\/en\/wp-json\/wp\/v2\/posts\/43358"}],"collection":[{"href":"https:\/\/radio.umh.es\/en\/wp-json\/wp\/v2\/posts"}],"about":[{"href":"https:\/\/radio.umh.es\/en\/wp-json\/wp\/v2\/types\/post"}],"author":[{"embeddable":true,"href":"https:\/\/radio.umh.es\/en\/wp-json\/wp\/v2\/users\/4307"}],"replies":[{"embeddable":true,"href":"https:\/\/radio.umh.es\/en\/wp-json\/wp\/v2\/comments?post=43358"}],"version-history":[{"count":0,"href":"https:\/\/radio.umh.es\/en\/wp-json\/wp\/v2\/posts\/43358\/revisions"}],"wp:attachment":[{"href":"https:\/\/radio.umh.es\/en\/wp-json\/wp\/v2\/media?parent=43358"}],"wp:term":[{"taxonomy":"category","embeddable":true,"href":"https:\/\/radio.umh.es\/en\/wp-json\/wp\/v2\/categories?post=43358"},{"taxonomy":"post_tag","embeddable":true,"href":"https:\/\/radio.umh.es\/en\/wp-json\/wp\/v2\/tags?post=43358"}],"curies":[{"name":"wp","href":"https:\/\/api.w.org\/{rel}","templated":true}]}}