{"id":47783,"date":"2019-03-12T15:05:05","date_gmt":"2019-03-12T14:05:05","guid":{"rendered":"https:\/\/radio.umh.es\/?p=47783"},"modified":"2019-03-12T15:33:28","modified_gmt":"2019-03-12T14:33:28","slug":"novedades-aurovisivas-grandes-regresos-y-muchos-mas-conciertos-en-mi-musica-es-tu-onda-12-de-marzo-de-2019","status":"publish","type":"post","link":"https:\/\/radio.umh.es\/en\/2019\/03\/12\/novedades-aurovisivas-grandes-regresos-y-muchos-mas-conciertos-en-mi-musica-es-tu-onda-12-de-marzo-de-2019\/","title":{"rendered":"<span lang=\"es\">(Espa\u00f1ol) Novedades eurovisivas, grandes regresos y muchos m\u00e1s conciertos en, &#8220;Mi m\u00fasica es tu onda&#8221;, 12 de marzo de 2019<\/span>"},"content":{"rendered":"<p class=\"qtranxs-available-languages-message qtranxs-available-languages-message-en\">Sorry, this entry is only available in <a href=\"https:\/\/radio.umh.es\/es\/wp-json\/wp\/v2\/posts\/47783\" class=\"qtranxs-available-language-link qtranxs-available-language-link-es\" title=\"Espa\u00f1ol\">European Spanish<\/a>.<\/p>","protected":false},"excerpt":{"rendered":"<p>Sorry, this entry is only available in European Spanish.<\/p>\n","protected":false},"author":4307,"featured_media":0,"comment_status":"closed","ping_status":"open","sticky":false,"template":"","format":"standard","meta":{"ngg_post_thumbnail":0,"_links_to":"","_links_to_target":""},"categories":[72380],"tags":[38839,539,28701,67994],"publishpress_future_action":{"enabled":false,"date":"1970-01-01 01:00:00","action":"","terms":[],"taxonomy":"","browser_timezone_offset":0},"_links":{"self":[{"href":"https:\/\/radio.umh.es\/en\/wp-json\/wp\/v2\/posts\/47783"}],"collection":[{"href":"https:\/\/radio.umh.es\/en\/wp-json\/wp\/v2\/posts"}],"about":[{"href":"https:\/\/radio.umh.es\/en\/wp-json\/wp\/v2\/types\/post"}],"author":[{"embeddable":true,"href":"https:\/\/radio.umh.es\/en\/wp-json\/wp\/v2\/users\/4307"}],"replies":[{"embeddable":true,"href":"https:\/\/radio.umh.es\/en\/wp-json\/wp\/v2\/comments?post=47783"}],"version-history":[{"count":0,"href":"https:\/\/radio.umh.es\/en\/wp-json\/wp\/v2\/posts\/47783\/revisions"}],"wp:attachment":[{"href":"https:\/\/radio.umh.es\/en\/wp-json\/wp\/v2\/media?parent=47783"}],"wp:term":[{"taxonomy":"category","embeddable":true,"href":"https:\/\/radio.umh.es\/en\/wp-json\/wp\/v2\/categories?post=47783"},{"taxonomy":"post_tag","embeddable":true,"href":"https:\/\/radio.umh.es\/en\/wp-json\/wp\/v2\/tags?post=47783"}],"curies":[{"name":"wp","href":"https:\/\/api.w.org\/{rel}","templated":true}]}}