{"id":48995,"date":"2019-03-31T00:05:09","date_gmt":"2019-03-30T23:05:09","guid":{"rendered":"http:\/\/radio.umh.es\/?p=48995"},"modified":"2019-03-29T17:34:36","modified_gmt":"2019-03-29T16:34:36","slug":"voice-music-con-toque-frances-la-seccion-de-corrales-las-tendencias-en-instagram-de-chispi-y-el-concursazo-en-melomaniac-30-de-marzo-de-2019","status":"publish","type":"post","link":"https:\/\/radio.umh.es\/en\/2019\/03\/31\/voice-music-con-toque-frances-la-seccion-de-corrales-las-tendencias-en-instagram-de-chispi-y-el-concursazo-en-melomaniac-30-de-marzo-de-2019\/","title":{"rendered":"<span lang=\"es\">(Espa\u00f1ol) Voice &amp; Music con toque franc\u00e9s, la secci\u00f3n de Corrales, las tendencias en Instagram de Chispi y el concursazo, en &#8220;Melomaniac&#8221;, 30 de marzo de 2019<\/span>"},"content":{"rendered":"<p class=\"qtranxs-available-languages-message qtranxs-available-languages-message-en\">Sorry, this entry is only available in <a href=\"https:\/\/radio.umh.es\/es\/wp-json\/wp\/v2\/posts\/48995\" class=\"qtranxs-available-language-link qtranxs-available-language-link-es\" title=\"Espa\u00f1ol\">European Spanish<\/a>.<\/p>","protected":false},"excerpt":{"rendered":"<p>Sorry, this entry is only available in European Spanish.<\/p>\n","protected":false},"author":4376,"featured_media":0,"comment_status":"closed","ping_status":"open","sticky":false,"template":"","format":"standard","meta":{"ngg_post_thumbnail":0,"_links_to":"","_links_to_target":""},"categories":[75617],"tags":[77345,77351,77339,77354,77348,77342,77336],"publishpress_future_action":{"enabled":false,"date":"1970-01-01 01:00:00","action":"","terms":[],"taxonomy":"","browser_timezone_offset":0},"_links":{"self":[{"href":"https:\/\/radio.umh.es\/en\/wp-json\/wp\/v2\/posts\/48995"}],"collection":[{"href":"https:\/\/radio.umh.es\/en\/wp-json\/wp\/v2\/posts"}],"about":[{"href":"https:\/\/radio.umh.es\/en\/wp-json\/wp\/v2\/types\/post"}],"author":[{"embeddable":true,"href":"https:\/\/radio.umh.es\/en\/wp-json\/wp\/v2\/users\/4376"}],"replies":[{"embeddable":true,"href":"https:\/\/radio.umh.es\/en\/wp-json\/wp\/v2\/comments?post=48995"}],"version-history":[{"count":0,"href":"https:\/\/radio.umh.es\/en\/wp-json\/wp\/v2\/posts\/48995\/revisions"}],"wp:attachment":[{"href":"https:\/\/radio.umh.es\/en\/wp-json\/wp\/v2\/media?parent=48995"}],"wp:term":[{"taxonomy":"category","embeddable":true,"href":"https:\/\/radio.umh.es\/en\/wp-json\/wp\/v2\/categories?post=48995"},{"taxonomy":"post_tag","embeddable":true,"href":"https:\/\/radio.umh.es\/en\/wp-json\/wp\/v2\/tags?post=48995"}],"curies":[{"name":"wp","href":"https:\/\/api.w.org\/{rel}","templated":true}]}}