{"id":49994,"date":"2019-04-12T18:05:16","date_gmt":"2019-04-12T16:05:16","guid":{"rendered":"http:\/\/radio.umh.es\/?p=49994"},"modified":"2019-05-10T10:53:21","modified_gmt":"2019-05-10T08:53:21","slug":"la-universidad-miguel-hernandez-ha-impartido-el-primer-curso-dirigido-a-sanitarios-de-combate-de-unidades-de-operaciones-especiales-del-ejercito-de-tierra-en-informativo-aru-12-de-abril-de-2019","status":"publish","type":"post","link":"https:\/\/radio.umh.es\/en\/2019\/04\/12\/la-universidad-miguel-hernandez-ha-impartido-el-primer-curso-dirigido-a-sanitarios-de-combate-de-unidades-de-operaciones-especiales-del-ejercito-de-tierra-en-informativo-aru-12-de-abril-de-2019\/","title":{"rendered":"<span lang=\"es\">(Espa\u00f1ol) La Universidad Miguel Hern\u00e1ndez ha impartido el primer curso dirigido a sanitarios de combate de Unidades de Operaciones Especiales del Ej\u00e9rcito de Tierra, en &#8220;Informativo ARU&#8221;, 12 de abril de 2019<\/span>"},"content":{"rendered":"<p class=\"qtranxs-available-languages-message qtranxs-available-languages-message-en\">Sorry, this entry is only available in <a href=\"https:\/\/radio.umh.es\/es\/wp-json\/wp\/v2\/posts\/49994\" class=\"qtranxs-available-language-link qtranxs-available-language-link-es\" title=\"Espa\u00f1ol\">European Spanish<\/a>.<\/p>","protected":false},"excerpt":{"rendered":"<p>Sorry, this entry is only available in European Spanish.<\/p>\n","protected":false},"author":4709,"featured_media":0,"comment_status":"closed","ping_status":"open","sticky":false,"template":"","format":"standard","meta":{"ngg_post_thumbnail":0,"_links_to":"","_links_to_target":""},"categories":[4289],"tags":[],"publishpress_future_action":{"enabled":false,"date":"1970-01-01 01:00:00","action":"","terms":[],"taxonomy":"","browser_timezone_offset":0},"_links":{"self":[{"href":"https:\/\/radio.umh.es\/en\/wp-json\/wp\/v2\/posts\/49994"}],"collection":[{"href":"https:\/\/radio.umh.es\/en\/wp-json\/wp\/v2\/posts"}],"about":[{"href":"https:\/\/radio.umh.es\/en\/wp-json\/wp\/v2\/types\/post"}],"author":[{"embeddable":true,"href":"https:\/\/radio.umh.es\/en\/wp-json\/wp\/v2\/users\/4709"}],"replies":[{"embeddable":true,"href":"https:\/\/radio.umh.es\/en\/wp-json\/wp\/v2\/comments?post=49994"}],"version-history":[{"count":0,"href":"https:\/\/radio.umh.es\/en\/wp-json\/wp\/v2\/posts\/49994\/revisions"}],"wp:attachment":[{"href":"https:\/\/radio.umh.es\/en\/wp-json\/wp\/v2\/media?parent=49994"}],"wp:term":[{"taxonomy":"category","embeddable":true,"href":"https:\/\/radio.umh.es\/en\/wp-json\/wp\/v2\/categories?post=49994"},{"taxonomy":"post_tag","embeddable":true,"href":"https:\/\/radio.umh.es\/en\/wp-json\/wp\/v2\/tags?post=49994"}],"curies":[{"name":"wp","href":"https:\/\/api.w.org\/{rel}","templated":true}]}}