{"id":50390,"date":"2019-04-18T16:05:54","date_gmt":"2019-04-18T14:05:54","guid":{"rendered":"http:\/\/radio.umh.es\/?p=50390"},"modified":"2019-04-17T15:32:25","modified_gmt":"2019-04-17T13:32:25","slug":"el-proyecto-estudiantil-merezco-una-calle-del-ies-las-norias-y-el-grado-medio-en-confeccion-y-moda-del-ies-nit-de-lalba-en-infoaula-umh-18-de-abril-de-2018","status":"publish","type":"post","link":"https:\/\/radio.umh.es\/en\/2019\/04\/18\/el-proyecto-estudiantil-merezco-una-calle-del-ies-las-norias-y-el-grado-medio-en-confeccion-y-moda-del-ies-nit-de-lalba-en-infoaula-umh-18-de-abril-de-2018\/","title":{"rendered":"<span lang=\"es\">(Espa\u00f1ol) El proyecto estudiantil &#8220;Merezco una calle&#8221; del IES Las Norias, y el Grado Medio en Confecci\u00f3n y Moda del IES Nit de l&#8217;Alb\u00e0, en &#8220;Infoaula UMH&#8221;, 18 de abril de 2018<\/span>"},"content":{"rendered":"<p class=\"qtranxs-available-languages-message qtranxs-available-languages-message-en\">Sorry, this entry is only available in <a href=\"https:\/\/radio.umh.es\/es\/wp-json\/wp\/v2\/posts\/50390\" class=\"qtranxs-available-language-link qtranxs-available-language-link-es\" title=\"Espa\u00f1ol\">European Spanish<\/a>.<\/p>","protected":false},"excerpt":{"rendered":"<p>Sorry, this entry is only available in European Spanish.<\/p>\n","protected":false},"author":3201,"featured_media":0,"comment_status":"closed","ping_status":"open","sticky":false,"template":"","format":"standard","meta":{"ngg_post_thumbnail":0,"_links_to":"","_links_to_target":""},"categories":[66362],"tags":[77795,1661,77798,77807,30958,3220,29706,53601,77804,693,77801,68267,38817,55107],"publishpress_future_action":{"enabled":false,"date":"1970-01-01 01:00:00","action":"","terms":[],"taxonomy":"","browser_timezone_offset":0},"_links":{"self":[{"href":"https:\/\/radio.umh.es\/en\/wp-json\/wp\/v2\/posts\/50390"}],"collection":[{"href":"https:\/\/radio.umh.es\/en\/wp-json\/wp\/v2\/posts"}],"about":[{"href":"https:\/\/radio.umh.es\/en\/wp-json\/wp\/v2\/types\/post"}],"author":[{"embeddable":true,"href":"https:\/\/radio.umh.es\/en\/wp-json\/wp\/v2\/users\/3201"}],"replies":[{"embeddable":true,"href":"https:\/\/radio.umh.es\/en\/wp-json\/wp\/v2\/comments?post=50390"}],"version-history":[{"count":0,"href":"https:\/\/radio.umh.es\/en\/wp-json\/wp\/v2\/posts\/50390\/revisions"}],"wp:attachment":[{"href":"https:\/\/radio.umh.es\/en\/wp-json\/wp\/v2\/media?parent=50390"}],"wp:term":[{"taxonomy":"category","embeddable":true,"href":"https:\/\/radio.umh.es\/en\/wp-json\/wp\/v2\/categories?post=50390"},{"taxonomy":"post_tag","embeddable":true,"href":"https:\/\/radio.umh.es\/en\/wp-json\/wp\/v2\/tags?post=50390"}],"curies":[{"name":"wp","href":"https:\/\/api.w.org\/{rel}","templated":true}]}}