{"id":50456,"date":"2019-05-07T09:05:27","date_gmt":"2019-05-07T07:05:27","guid":{"rendered":"http:\/\/radio.umh.es\/?p=50456"},"modified":"2019-04-18T11:25:26","modified_gmt":"2019-04-18T09:25:26","slug":"3x134-volvemos-al-ies-marina-baixa-luchando-contra-el-cambio-climatico-te-contamos-lo-ultimo-de-carly-rae-jepsen-y-los-personajes-mas-comicos-que-nos-hemos-encontrado-en-una-procesion-en-despierta","status":"publish","type":"post","link":"https:\/\/radio.umh.es\/en\/2019\/05\/07\/3x134-volvemos-al-ies-marina-baixa-luchando-contra-el-cambio-climatico-te-contamos-lo-ultimo-de-carly-rae-jepsen-y-los-personajes-mas-comicos-que-nos-hemos-encontrado-en-una-procesion-en-despierta\/","title":{"rendered":"<span lang=\"es\">(Espa\u00f1ol) 3&#215;134 Volvemos al IES Marina Baixa luchando contra el cambio clim\u00e1tico, te contamos lo \u00faltimo de Carly Rae Jepsen y los personajes m\u00e1s c\u00f3micos que nos hemos encontrado en una procesi\u00f3n, en &#8220;Despierta UMH&#8221;, 7 de mayo de 2019<\/span>"},"content":{"rendered":"<p class=\"qtranxs-available-languages-message qtranxs-available-languages-message-en\">Sorry, this entry is only available in <a href=\"https:\/\/radio.umh.es\/es\/wp-json\/wp\/v2\/posts\/50456\" class=\"qtranxs-available-language-link qtranxs-available-language-link-es\" title=\"Espa\u00f1ol\">European Spanish<\/a>.<\/p>","protected":false},"excerpt":{"rendered":"<p>Sorry, this entry is only available in European Spanish.<\/p>\n","protected":false},"author":4649,"featured_media":0,"comment_status":"closed","ping_status":"open","sticky":false,"template":"","format":"standard","meta":{"ngg_post_thumbnail":0,"_links_to":"","_links_to_target":""},"categories":[66047],"tags":[77843,77825,77840,77837,77822,77846,42199,77834],"publishpress_future_action":{"enabled":false,"date":"1970-01-01 01:00:00","action":"","terms":[],"taxonomy":"","browser_timezone_offset":0},"_links":{"self":[{"href":"https:\/\/radio.umh.es\/en\/wp-json\/wp\/v2\/posts\/50456"}],"collection":[{"href":"https:\/\/radio.umh.es\/en\/wp-json\/wp\/v2\/posts"}],"about":[{"href":"https:\/\/radio.umh.es\/en\/wp-json\/wp\/v2\/types\/post"}],"author":[{"embeddable":true,"href":"https:\/\/radio.umh.es\/en\/wp-json\/wp\/v2\/users\/4649"}],"replies":[{"embeddable":true,"href":"https:\/\/radio.umh.es\/en\/wp-json\/wp\/v2\/comments?post=50456"}],"version-history":[{"count":0,"href":"https:\/\/radio.umh.es\/en\/wp-json\/wp\/v2\/posts\/50456\/revisions"}],"wp:attachment":[{"href":"https:\/\/radio.umh.es\/en\/wp-json\/wp\/v2\/media?parent=50456"}],"wp:term":[{"taxonomy":"category","embeddable":true,"href":"https:\/\/radio.umh.es\/en\/wp-json\/wp\/v2\/categories?post=50456"},{"taxonomy":"post_tag","embeddable":true,"href":"https:\/\/radio.umh.es\/en\/wp-json\/wp\/v2\/tags?post=50456"}],"curies":[{"name":"wp","href":"https:\/\/api.w.org\/{rel}","templated":true}]}}