{"id":51671,"date":"2019-05-22T09:45:49","date_gmt":"2019-05-22T07:45:49","guid":{"rendered":"http:\/\/radio.umh.es\/?p=51671"},"modified":"2019-05-24T12:05:59","modified_gmt":"2019-05-24T10:05:59","slug":"3x145-llenamos-el-estudio-nos-ha-visitado-salva-espin-santi-garcia-y-olivia-ademas-hemos-hablado-con-javier-santaolalla-y-descubrimos-la-relacion-de-las-semillas-de-amapola-y-los-opioide","status":"publish","type":"post","link":"https:\/\/radio.umh.es\/en\/2019\/05\/22\/3x145-llenamos-el-estudio-nos-ha-visitado-salva-espin-santi-garcia-y-olivia-ademas-hemos-hablado-con-javier-santaolalla-y-descubrimos-la-relacion-de-las-semillas-de-amapola-y-los-opioide\/","title":{"rendered":"<span lang=\"es\">(Espa\u00f1ol) 3\u00d7145 \u00a1LLENAMOS EL ESTUDIO! Nos ha visitado Salva Esp\u00edn, Santi Garc\u00eda y Olivia. Adem\u00e1s hemos hablado con Javier Santaolalla y descubrimos la relaci\u00f3n de las semillas de amapola y los opioides, en \u00abDespierta UMH\u00bb, 22 de mayo de 2019<\/span>"},"content":{"rendered":"<p class=\"qtranxs-available-languages-message qtranxs-available-languages-message-en\">Sorry, this entry is only available in <a href=\"https:\/\/radio.umh.es\/es\/wp-json\/wp\/v2\/posts\/51671\" class=\"qtranxs-available-language-link qtranxs-available-language-link-es\" title=\"Espa\u00f1ol\">European Spanish<\/a>.<\/p>","protected":false},"excerpt":{"rendered":"<p>Sorry, this entry is only available in European Spanish.<\/p>\n","protected":false},"author":4712,"featured_media":0,"comment_status":"closed","ping_status":"open","sticky":false,"template":"","format":"standard","meta":{"ngg_post_thumbnail":0,"_links_to":"","_links_to_target":""},"categories":[66047],"tags":[55077,66047,263,78233,349,30078,181,78236,78224,69485,78227,78230],"publishpress_future_action":{"enabled":false,"date":"1970-01-01 01:00:00","action":"","terms":[],"taxonomy":"","browser_timezone_offset":0},"_links":{"self":[{"href":"https:\/\/radio.umh.es\/en\/wp-json\/wp\/v2\/posts\/51671"}],"collection":[{"href":"https:\/\/radio.umh.es\/en\/wp-json\/wp\/v2\/posts"}],"about":[{"href":"https:\/\/radio.umh.es\/en\/wp-json\/wp\/v2\/types\/post"}],"author":[{"embeddable":true,"href":"https:\/\/radio.umh.es\/en\/wp-json\/wp\/v2\/users\/4712"}],"replies":[{"embeddable":true,"href":"https:\/\/radio.umh.es\/en\/wp-json\/wp\/v2\/comments?post=51671"}],"version-history":[{"count":0,"href":"https:\/\/radio.umh.es\/en\/wp-json\/wp\/v2\/posts\/51671\/revisions"}],"wp:attachment":[{"href":"https:\/\/radio.umh.es\/en\/wp-json\/wp\/v2\/media?parent=51671"}],"wp:term":[{"taxonomy":"category","embeddable":true,"href":"https:\/\/radio.umh.es\/en\/wp-json\/wp\/v2\/categories?post=51671"},{"taxonomy":"post_tag","embeddable":true,"href":"https:\/\/radio.umh.es\/en\/wp-json\/wp\/v2\/tags?post=51671"}],"curies":[{"name":"wp","href":"https:\/\/api.w.org\/{rel}","templated":true}]}}