{"id":57056,"date":"2019-11-20T12:05:33","date_gmt":"2019-11-20T11:05:33","guid":{"rendered":"https:\/\/radio.umh.es\/?p=57056"},"modified":"2019-11-20T12:28:15","modified_gmt":"2019-11-20T11:28:15","slug":"nos-adentramos-en-los-ultimos-dias-de-la-previa-al-famoso-black-friday-en-lo-creas-o-no-20-de-noviembre-de-2019","status":"publish","type":"post","link":"https:\/\/radio.umh.es\/en\/2019\/11\/20\/nos-adentramos-en-los-ultimos-dias-de-la-previa-al-famoso-black-friday-en-lo-creas-o-no-20-de-noviembre-de-2019\/","title":{"rendered":"<span lang=\"es\">(Espa\u00f1ol) Nos adentramos en los \u00faltimos d\u00edas de la previa al famoso BLACK FRIDAY, en &#8220;Lo creas o no&#8221;, 20 de noviembre de 2019<\/span>"},"content":{"rendered":"<p class=\"qtranxs-available-languages-message qtranxs-available-languages-message-en\">Sorry, this entry is only available in <a href=\"https:\/\/radio.umh.es\/es\/wp-json\/wp\/v2\/posts\/57056\" class=\"qtranxs-available-language-link qtranxs-available-language-link-es\" title=\"Espa\u00f1ol\">European Spanish<\/a>.<\/p>","protected":false},"excerpt":{"rendered":"<p>Sorry, this entry is only available in European Spanish.<\/p>\n","protected":false},"author":4877,"featured_media":0,"comment_status":"closed","ping_status":"open","sticky":false,"template":"","format":"standard","meta":{"ngg_post_thumbnail":0,"_links_to":"","_links_to_target":""},"categories":[72221],"tags":[30783,7451,2303],"publishpress_future_action":{"enabled":false,"date":"1970-01-01 01:00:00","action":"","terms":[],"taxonomy":"","browser_timezone_offset":0},"_links":{"self":[{"href":"https:\/\/radio.umh.es\/en\/wp-json\/wp\/v2\/posts\/57056"}],"collection":[{"href":"https:\/\/radio.umh.es\/en\/wp-json\/wp\/v2\/posts"}],"about":[{"href":"https:\/\/radio.umh.es\/en\/wp-json\/wp\/v2\/types\/post"}],"author":[{"embeddable":true,"href":"https:\/\/radio.umh.es\/en\/wp-json\/wp\/v2\/users\/4877"}],"replies":[{"embeddable":true,"href":"https:\/\/radio.umh.es\/en\/wp-json\/wp\/v2\/comments?post=57056"}],"version-history":[{"count":0,"href":"https:\/\/radio.umh.es\/en\/wp-json\/wp\/v2\/posts\/57056\/revisions"}],"wp:attachment":[{"href":"https:\/\/radio.umh.es\/en\/wp-json\/wp\/v2\/media?parent=57056"}],"wp:term":[{"taxonomy":"category","embeddable":true,"href":"https:\/\/radio.umh.es\/en\/wp-json\/wp\/v2\/categories?post=57056"},{"taxonomy":"post_tag","embeddable":true,"href":"https:\/\/radio.umh.es\/en\/wp-json\/wp\/v2\/tags?post=57056"}],"curies":[{"name":"wp","href":"https:\/\/api.w.org\/{rel}","templated":true}]}}