{"id":58145,"date":"2019-12-04T21:15:02","date_gmt":"2019-12-04T20:15:02","guid":{"rendered":"https:\/\/radio.umh.es\/?p=58145"},"modified":"2019-12-05T10:36:48","modified_gmt":"2019-12-05T09:36:48","slug":"el-otono-de-el-irlandes-y-triquinuelas-de-paul-newman-y-robert-redford-en-la-nave-de-kubrick-4-de-diciembre-de-2019","status":"publish","type":"post","link":"https:\/\/radio.umh.es\/en\/2019\/12\/04\/el-otono-de-el-irlandes-y-triquinuelas-de-paul-newman-y-robert-redford-en-la-nave-de-kubrick-4-de-diciembre-de-2019\/","title":{"rendered":"<span lang=\"es\">(Espa\u00f1ol) El oto\u00f1o de &#8220;El Irland\u00e9s&#8221; y triqui\u00f1uelas de Paul Newman y Robert Redford, en &#8220;La Nave de Kubrick&#8221;, 4 de diciembre de 2019<\/span>"},"content":{"rendered":"<p class=\"qtranxs-available-languages-message qtranxs-available-languages-message-en\">Sorry, this entry is only available in <a href=\"https:\/\/radio.umh.es\/es\/wp-json\/wp\/v2\/posts\/58145\" class=\"qtranxs-available-language-link qtranxs-available-language-link-es\" title=\"Espa\u00f1ol\">European Spanish<\/a>.<\/p>","protected":false},"excerpt":{"rendered":"<p>Sorry, this entry is only available in European Spanish.<\/p>\n","protected":false},"author":4886,"featured_media":0,"comment_status":"closed","ping_status":"open","sticky":false,"template":"","format":"standard","meta":{"ngg_post_thumbnail":0,"_links_to":"","_links_to_target":""},"categories":[66035],"tags":[144,283086,283080,66035,68267,283089,283092,283083],"publishpress_future_action":{"enabled":false,"date":"1970-01-01 01:00:00","action":"","terms":[],"taxonomy":"","browser_timezone_offset":0},"_links":{"self":[{"href":"https:\/\/radio.umh.es\/en\/wp-json\/wp\/v2\/posts\/58145"}],"collection":[{"href":"https:\/\/radio.umh.es\/en\/wp-json\/wp\/v2\/posts"}],"about":[{"href":"https:\/\/radio.umh.es\/en\/wp-json\/wp\/v2\/types\/post"}],"author":[{"embeddable":true,"href":"https:\/\/radio.umh.es\/en\/wp-json\/wp\/v2\/users\/4886"}],"replies":[{"embeddable":true,"href":"https:\/\/radio.umh.es\/en\/wp-json\/wp\/v2\/comments?post=58145"}],"version-history":[{"count":0,"href":"https:\/\/radio.umh.es\/en\/wp-json\/wp\/v2\/posts\/58145\/revisions"}],"wp:attachment":[{"href":"https:\/\/radio.umh.es\/en\/wp-json\/wp\/v2\/media?parent=58145"}],"wp:term":[{"taxonomy":"category","embeddable":true,"href":"https:\/\/radio.umh.es\/en\/wp-json\/wp\/v2\/categories?post=58145"},{"taxonomy":"post_tag","embeddable":true,"href":"https:\/\/radio.umh.es\/en\/wp-json\/wp\/v2\/tags?post=58145"}],"curies":[{"name":"wp","href":"https:\/\/api.w.org\/{rel}","templated":true}]}}