{"id":58422,"date":"2019-03-21T09:04:02","date_gmt":"2019-03-21T08:04:02","guid":{"rendered":"https:\/\/radio.umh.es\/?p=58422"},"modified":"2019-12-09T14:48:39","modified_gmt":"2019-12-09T13:48:39","slug":"3x109-como-te-queremos-san-javier-volvemos-al-ies-mar-menor-con-apps-moviles-rarillas-challenge-musical-y-nuestra-seccion-y-que-fue-de-en-despierta-umh-21-de-marzo-de-2019-2","status":"publish","type":"post","link":"https:\/\/radio.umh.es\/en\/2019\/03\/21\/3x109-como-te-queremos-san-javier-volvemos-al-ies-mar-menor-con-apps-moviles-rarillas-challenge-musical-y-nuestra-seccion-y-que-fue-de-en-despierta-umh-21-de-marzo-de-2019-2\/","title":{"rendered":"<span lang=\"es\">(Espa\u00f1ol) 3&#215;109, \u00a1C\u00f3mo te queremos San Javier! Volvemos al IES Mar Menor con apps m\u00f3viles &#8220;rarillas&#8221;, challenge musical y nuestra secci\u00f3n Y qu\u00e9 fue de&#8230;, en &#8220;Despierta UMH&#8221;, 21 de marzo de 2019<\/span>"},"content":{"rendered":"<p class=\"qtranxs-available-languages-message qtranxs-available-languages-message-en\">Sorry, this entry is only available in <a href=\"https:\/\/radio.umh.es\/es\/wp-json\/wp\/v2\/posts\/58422\" class=\"qtranxs-available-language-link qtranxs-available-language-link-es\" title=\"Espa\u00f1ol\">European Spanish<\/a>.<\/p>","protected":false},"excerpt":{"rendered":"<p>Sorry, this entry is only available in European Spanish.<\/p>\n","protected":false},"author":3099,"featured_media":0,"comment_status":"closed","ping_status":"open","sticky":false,"template":"","format":"standard","meta":{"ngg_post_thumbnail":0,"_links_to":"","_links_to_target":""},"categories":[66047],"tags":[283223,76979,76967,2278,28701,74198,76964],"publishpress_future_action":{"enabled":false,"date":"1970-01-01 01:00:00","action":"","terms":[],"taxonomy":"","browser_timezone_offset":0},"_links":{"self":[{"href":"https:\/\/radio.umh.es\/en\/wp-json\/wp\/v2\/posts\/58422"}],"collection":[{"href":"https:\/\/radio.umh.es\/en\/wp-json\/wp\/v2\/posts"}],"about":[{"href":"https:\/\/radio.umh.es\/en\/wp-json\/wp\/v2\/types\/post"}],"author":[{"embeddable":true,"href":"https:\/\/radio.umh.es\/en\/wp-json\/wp\/v2\/users\/3099"}],"replies":[{"embeddable":true,"href":"https:\/\/radio.umh.es\/en\/wp-json\/wp\/v2\/comments?post=58422"}],"version-history":[{"count":0,"href":"https:\/\/radio.umh.es\/en\/wp-json\/wp\/v2\/posts\/58422\/revisions"}],"wp:attachment":[{"href":"https:\/\/radio.umh.es\/en\/wp-json\/wp\/v2\/media?parent=58422"}],"wp:term":[{"taxonomy":"category","embeddable":true,"href":"https:\/\/radio.umh.es\/en\/wp-json\/wp\/v2\/categories?post=58422"},{"taxonomy":"post_tag","embeddable":true,"href":"https:\/\/radio.umh.es\/en\/wp-json\/wp\/v2\/tags?post=58422"}],"curies":[{"name":"wp","href":"https:\/\/api.w.org\/{rel}","templated":true}]}}